{"id":782,"date":"2018-08-10T15:08:28","date_gmt":"2018-08-10T15:08:28","guid":{"rendered":"https:\/\/filmfestivaldorf.com\/hr\/?p=782"},"modified":"2020-05-23T15:09:02","modified_gmt":"2020-05-23T15:09:02","slug":"filmski-tjedan-u-vinkovcima","status":"publish","type":"post","link":"https:\/\/filmfestivaldorf.com\/hr\/2018\/08\/10\/filmski-tjedan-u-vinkovcima\/","title":{"rendered":"FILMSKI TJEDAN U VINKOVCIMA"},"content":{"rendered":"<figure class=\"featured-media\">\n<div class=\"featured-media-inner section-inner\"><img loading=\"lazy\" class=\"attachment-post-thumbnail size-post-thumbnail wp-post-image\" src=\"https:\/\/filmfestivaldorf.com\/hrv\/wp-content\/uploads\/2018\/08\/jumbo-VK1-web.jpg\" sizes=\"(max-width: 710px) 100vw, 710px\" srcset=\"https:\/\/filmfestivaldorf.com\/hrv\/wp-content\/uploads\/2018\/08\/jumbo-VK1-web.jpg 710w, https:\/\/filmfestivaldorf.com\/hrv\/wp-content\/uploads\/2018\/08\/jumbo-VK1-web-300x203.jpg 300w\" alt=\"\" width=\"710\" height=\"480\" \/><\/div>\n<\/figure>\n<div class=\"post-inner thin \">\n<div class=\"entry-content\">\n<div class=\"_2cuy _3dgx _2vxa\">Nakon 3 ve\u010deri na pla\u017ei u Primo\u0161tenu i dru\u017eenja uz filmove, glazbeno-filmski kviz i koncerte, DORF seli u Vinkovce. Cijeli tjedan, u lapidariju Gradskog muzeja Vinkovci, u kombinaciji sa trodnevnim programom 6.Anti\u010dkih filmskih ve\u010deri, pripremljen je zavr\u0161etak 12.Festivala dokumentarnog rock filma DORF.<\/div>\n<div class=\"_2cuy _3dgx _2vxa\">Najprije, od 20-22.8. posjetitelji mogu pratiti projekcije filmova, glazbeno-filmski kviz, a organizirana je i dvodnevna filmska radionica. U fokusu je vinkova\u010dki radio, a tom prigodom organiziran je i razgovor sa autorom Vedranom \u0160uvakom, \u010diji studentski rad \u201c\u017divjeti VK\u201d je jedini dokument kultne emisije \u201cZbilja znanosnih bespu\u0107a\u201d, na uga\u0161enom radiju VFM. Osim toga, premijerno gledamo dokumentarni film \u201cScream for me Sarajevo\u201d, autora Tarika Hod\u017ei\u0107a (BiH), o kultnom koncertu Brucea Dickinsona 1994. u Sarajevu pod opsadom.<\/div>\n<div class=\"_2cuy _3dgx _2vxa\">Nakon toga, od 23.8. otvaramo DORF ekskluzivnom vinkova\u010dkom prezentacijom \u201cTajna povijest DORFa\u201d powered by PechaKucha, gdje \u0107e u formatu 20 slikax20 sekundi biti predstavljeni DORF suradnici i prijatelji. Progla\u0161enjem najboljeg filma u regionalnoj konkurenciji zaklju\u010dujemo ovogodi\u0161nje DORF izdanje.<\/div>\n<div class=\"_2cuy _3dgx _2vxa\">O najboljem filmu u regionalnoj konkurenciji odlu\u010dit \u0107e\u00a0<span class=\"_4yxo\">Varja Mo\u010dnik<\/span>\u00a0(redateljica i urednica filmskih programa, autorica pro\u0161logodi\u0161njeg pobjedni\u010dkog DORF filma, predsjednica \u017eirija),\u00a0<span class=\"_4yxo\">Sini\u0161a Labrovi\u0107<\/span>\u00a0(multimedijalni umjetnik) i\u00a0<span class=\"_4yxo\">Boris Hrepi\u0107 Hrepa<\/span>\u00a0(glazbenik, autor i voditelj).<\/div>\n<div class=\"_2cuy _3dgx _2vxa\">Za unikatne nagrade laureatima na ovogodi\u0161njem festivalu i ove godine zadu\u017een je mladi splitski kipar&amp;strip autor\u00a0<span class=\"_4yxo\">Miro \u017dupa<\/span>.<\/div>\n<div class=\"_2cuy _3dgx _2vxa\">Autor ovogodi\u0161njeg DORF designa je nagra\u0111ivani mladi autor\u00a0<span class=\"_4yxo\">Martin Peranovi\u0107<\/span>\u00a0iz Otoka.<\/div>\n<div><\/div>\n<div class=\"_2cuy _3dgx _2vxa\">Ulaz na sve programe je slobodan.<\/div>\n<div><\/div>\n<div class=\"_2cuy _3dgx _2vxa\">Uz potporu: HAVC , Grad Vinkovci, Vukovarsko-srijemska \u017eupanija<\/div>\n<div class=\"_2cuy _3dgx _2vxa\">Partneri: Gradski muzej Vinkovci, SuperUho festival, Nexe crijep<\/div>\n<div class=\"_2cuy _3dgx _2vxa\">Mediji: Klasik TV, Yammat.fm, Radio Vinkovci, Glas Slavonije, Dokumentarni.net, Subsite.hr, Treci svijet, Ziher.hr, Culturenet, Cibalia.info, Rockmark, Mixer.hr, Ravno do dna<\/div>\n<div><\/div>\n<div>RASPORED FILMSKI TJEDAN<\/div>\n<div>LAPIDARIJ GRADSKOG MUZEJA VINKOVCI<br \/>\n20.8. (ponedjeljak)<br \/>\n20:30 Sve\u010dano otvorenje<br \/>\n20:40 \u201eScream for me Sarajevo\u201c, dokumentarni film<br \/>\n22:00 DJ Siky\/Na\u0161a stvar<br \/>\n21.8. (utorak)<br \/>\n18:00 Filmska radionica<br \/>\n20:30 Film iznena\u0111enja<br \/>\n22.8. (srijeda)<br \/>\n18:00 Filmska radionica<br \/>\n19:30 Glazbeno-filmski kviz<br \/>\n20:30 \u201e\u017divjeti VK\u201c, dokumentarni film Vedrana \u0160uvaka<br \/>\n+ razgovor o vinkova\u010dkim radijskim postajama<\/div>\n<div>22:00 DJ Zolja<\/div>\n<div><\/div>\n<div>23.8. (cetvrtak)<br \/>\n20:30 Otvorenje<br \/>\n20:45 Tajna povijest DORFa powered by Pecha Kucha<br \/>\n22:15 DJ Phantom s kateterom<br \/>\n24.8. (petak)<br \/>\n20:30 Pope,vrati se<br \/>\n21:30 Veja<br \/>\n22:00 Izgubljeno vreme<br \/>\n25.8. (subota)<br \/>\n20:30 More than a barbershop (HR premijera)<br \/>\n20:50 Hannah Williams u Tokiju (HR premijera)<br \/>\n21:15 Glasnije od oru\u017eja<br \/>\n22:30 Progla\u0161enje pobjednika i dodjela nagrade<\/div>\n<\/div>\n<\/div>\n","protected":false},"excerpt":{"rendered":"<p>Nakon 3 ve\u010deri na pla\u017ei u Primo\u0161tenu i dru\u017eenja uz filmove, glazbeno-filmski kviz i koncerte, DORF seli u Vinkovce. Cijeli tjedan, u lapidariju Gradskog muzeja Vinkovci, u kombinaciji sa trodnevnim programom 6.Anti\u010dkih filmskih ve\u010deri, pripremljen je zavr\u0161etak 12.Festivala dokumentarnog rock filma DORF. Najprije, od 20-22.8. posjetitelji mogu pratiti projekcije filmova, glazbeno-filmski kviz, a organizirana je [&#8230;]\n","protected":false},"author":1,"featured_media":0,"comment_status":"closed","ping_status":"closed","sticky":false,"template":"","format":"standard","meta":{"_monsterinsights_skip_tracking":false,"_monsterinsights_sitenote_active":false,"_monsterinsights_sitenote_note":"","_monsterinsights_sitenote_category":0,"_links_to":"","_links_to_target":""},"categories":[1],"tags":[],"aioseo_notices":[],"_links":{"self":[{"href":"https:\/\/filmfestivaldorf.com\/hr\/wp-json\/wp\/v2\/posts\/782"}],"collection":[{"href":"https:\/\/filmfestivaldorf.com\/hr\/wp-json\/wp\/v2\/posts"}],"about":[{"href":"https:\/\/filmfestivaldorf.com\/hr\/wp-json\/wp\/v2\/types\/post"}],"author":[{"embeddable":true,"href":"https:\/\/filmfestivaldorf.com\/hr\/wp-json\/wp\/v2\/users\/1"}],"replies":[{"embeddable":true,"href":"https:\/\/filmfestivaldorf.com\/hr\/wp-json\/wp\/v2\/comments?post=782"}],"version-history":[{"count":1,"href":"https:\/\/filmfestivaldorf.com\/hr\/wp-json\/wp\/v2\/posts\/782\/revisions"}],"predecessor-version":[{"id":783,"href":"https:\/\/filmfestivaldorf.com\/hr\/wp-json\/wp\/v2\/posts\/782\/revisions\/783"}],"wp:attachment":[{"href":"https:\/\/filmfestivaldorf.com\/hr\/wp-json\/wp\/v2\/media?parent=782"}],"wp:term":[{"taxonomy":"category","embeddable":true,"href":"https:\/\/filmfestivaldorf.com\/hr\/wp-json\/wp\/v2\/categories?post=782"},{"taxonomy":"post_tag","embeddable":true,"href":"https:\/\/filmfestivaldorf.com\/hr\/wp-json\/wp\/v2\/tags?post=782"}],"curies":[{"name":"wp","href":"https:\/\/api.w.org\/{rel}","templated":true}]}}