{"id":784,"date":"2018-08-07T15:09:26","date_gmt":"2018-08-07T15:09:26","guid":{"rendered":"https:\/\/filmfestivaldorf.com\/hr\/?p=784"},"modified":"2020-05-23T15:09:58","modified_gmt":"2020-05-23T15:09:58","slug":"zavrsio-dorf-2018-u-primostenu","status":"publish","type":"post","link":"https:\/\/filmfestivaldorf.com\/hr\/2018\/08\/07\/zavrsio-dorf-2018-u-primostenu\/","title":{"rendered":"ZAVR\u0160IO DORF 2018 U PRIMO\u0160TENU"},"content":{"rendered":"<figure class=\"featured-media\">\n<div class=\"featured-media-inner section-inner\"><img loading=\"lazy\" class=\"attachment-post-thumbnail size-post-thumbnail wp-post-image\" src=\"https:\/\/filmfestivaldorf.com\/hrv\/wp-content\/uploads\/2018\/08\/web1.jpg\" sizes=\"(max-width: 710px) 100vw, 710px\" srcset=\"https:\/\/filmfestivaldorf.com\/hrv\/wp-content\/uploads\/2018\/08\/web1.jpg 710w, https:\/\/filmfestivaldorf.com\/hrv\/wp-content\/uploads\/2018\/08\/web1-300x203.jpg 300w\" alt=\"\" width=\"710\" height=\"480\" \/><\/div>\n<\/figure>\n<div class=\"post-inner thin \">\n<div class=\"entry-content\">\n<p>Prvi dio ovogodi\u0161njeg Festivala DORF odr\u017eao se 4-6.8. u Primo\u0161tenu. U okviru nastavka suradnje sa festivalom SuperUho, na prekrasnoj festivalskoj pla\u017ei prikazano je 8 glazbenih dokumentarnih filmova, od kojih su 6 bile hrvatske premijere, uz gostovanja autora i razgovore s publikom. Svoje filmove u Primo\u0161tenu su predstavili Phil Cox (Betty \u2013 ka\u017eu da sam druk\u010dija), Miroslav Sikavica (Glasnije od oru\u017eja) i Igor Ba\u0161in (LP film Laibach). Na ekskluzivnoj Tajna povijest DORFa powered by PechaKucha prezentaciji gostima su se predstavili i prijatelji i suradnici festivala (Martin Peranovi\u0107, Varja Mo\u010dnik, Tomislav Vrani\u0107, Igor Ba\u0161in, Klara Bili\u0107, Mario Kova\u010d, Toni \u0160ari\u0107, Phil Cox), a u subotu je nastupio DJ Sme\u0111i \u0160e\u0107er uz pratnju mlade VJ Mooalle. Odr\u017ean je glazbeno-filmski kviz na kojem se okupilo 15 ekipa a pobijedila je ekipa Glavate \u017eelve.<\/p>\n<p>Program prve ve\u010deri prekinula je kratkotrajna ki\u0161a te su projekcije 2 filma odr\u017eane sljede\u0107ih ve\u010deri. Ovogodi\u0161nji laureat Vojo \u0160indoli\u0107 nije mogao zbog obiteljskih razloga do\u0107i u Primo\u0161ten, pa \u0107e mu nagrada za \u017eivotno djelo, autora Mire \u017dupe, biti uru\u010dena naknadno.<\/p>\n<p>Veliki broj gostiju i odli\u010dna atmosfera obilje\u017eili su ovogodi\u0161nja prva tri DORF dana, a nastavak programa \u0107e biti 23-25.8. u Lapidariju Gradskog muzeja Vinkovci.<\/p>\n<p>Ovogodi\u0161nji DORF festival organiziran je uz potporu Hrvatskog audiovizualnog centra, Grada Vinkovci i Vukovarsko-srijemske \u017eupanije.<\/p>\n<div id=\"gallery-1\" class=\"gallery galleryid-12028 gallery-columns-4 gallery-size-thumbnail\">\n<figure class=\"gallery-item\">\n<div class=\"gallery-icon landscape\"><a href=\"https:\/\/filmfestivaldorf.com\/hrv\/2018\/08\/07\/zavrsio-dorf-2018-u-primostenu\/web1-2\/\"><img loading=\"lazy\" class=\"attachment-thumbnail size-thumbnail\" src=\"https:\/\/filmfestivaldorf.com\/hrv\/wp-content\/uploads\/2018\/08\/WEB1-150x150.jpg\" alt=\"\" width=\"150\" height=\"150\" \/><\/a><\/div>\n<\/figure>\n<figure class=\"gallery-item\">\n<div class=\"gallery-icon landscape\"><a href=\"https:\/\/filmfestivaldorf.com\/hrv\/2018\/08\/07\/zavrsio-dorf-2018-u-primostenu\/web2-2\/\"><img loading=\"lazy\" class=\"attachment-thumbnail size-thumbnail\" src=\"https:\/\/filmfestivaldorf.com\/hrv\/wp-content\/uploads\/2018\/08\/WEB2-150x150.jpg\" alt=\"\" width=\"150\" height=\"150\" \/><\/a><\/div>\n<\/figure>\n<figure class=\"gallery-item\">\n<div class=\"gallery-icon landscape\"><a href=\"https:\/\/filmfestivaldorf.com\/hrv\/2018\/08\/07\/zavrsio-dorf-2018-u-primostenu\/web2\/\"><img loading=\"lazy\" class=\"attachment-thumbnail size-thumbnail\" src=\"https:\/\/filmfestivaldorf.com\/hrv\/wp-content\/uploads\/2018\/08\/web2-150x150.jpg\" alt=\"\" width=\"150\" height=\"150\" \/><\/a><\/div>\n<\/figure>\n<figure class=\"gallery-item\">\n<div class=\"gallery-icon landscape\"><a href=\"https:\/\/filmfestivaldorf.com\/hrv\/2018\/08\/07\/zavrsio-dorf-2018-u-primostenu\/web1\/\"><img loading=\"lazy\" class=\"attachment-thumbnail size-thumbnail\" src=\"https:\/\/filmfestivaldorf.com\/hrv\/wp-content\/uploads\/2018\/08\/web1-150x150.jpg\" alt=\"\" width=\"150\" height=\"150\" \/><\/a><\/div>\n<\/figure>\n<\/div>\n<\/div>\n<\/div>\n","protected":false},"excerpt":{"rendered":"<p>Prvi dio ovogodi\u0161njeg Festivala DORF odr\u017eao se 4-6.8. u Primo\u0161tenu. U okviru nastavka suradnje sa festivalom SuperUho, na prekrasnoj festivalskoj pla\u017ei prikazano je 8 glazbenih dokumentarnih filmova, od kojih su 6 bile hrvatske premijere, uz gostovanja autora i razgovore s publikom. Svoje filmove u Primo\u0161tenu su predstavili Phil Cox (Betty \u2013 ka\u017eu da sam druk\u010dija), [&#8230;]\n","protected":false},"author":1,"featured_media":0,"comment_status":"closed","ping_status":"closed","sticky":false,"template":"","format":"standard","meta":{"_monsterinsights_skip_tracking":false,"_monsterinsights_sitenote_active":false,"_monsterinsights_sitenote_note":"","_monsterinsights_sitenote_category":0,"_links_to":"","_links_to_target":""},"categories":[1],"tags":[],"aioseo_notices":[],"_links":{"self":[{"href":"https:\/\/filmfestivaldorf.com\/hr\/wp-json\/wp\/v2\/posts\/784"}],"collection":[{"href":"https:\/\/filmfestivaldorf.com\/hr\/wp-json\/wp\/v2\/posts"}],"about":[{"href":"https:\/\/filmfestivaldorf.com\/hr\/wp-json\/wp\/v2\/types\/post"}],"author":[{"embeddable":true,"href":"https:\/\/filmfestivaldorf.com\/hr\/wp-json\/wp\/v2\/users\/1"}],"replies":[{"embeddable":true,"href":"https:\/\/filmfestivaldorf.com\/hr\/wp-json\/wp\/v2\/comments?post=784"}],"version-history":[{"count":1,"href":"https:\/\/filmfestivaldorf.com\/hr\/wp-json\/wp\/v2\/posts\/784\/revisions"}],"predecessor-version":[{"id":785,"href":"https:\/\/filmfestivaldorf.com\/hr\/wp-json\/wp\/v2\/posts\/784\/revisions\/785"}],"wp:attachment":[{"href":"https:\/\/filmfestivaldorf.com\/hr\/wp-json\/wp\/v2\/media?parent=784"}],"wp:term":[{"taxonomy":"category","embeddable":true,"href":"https:\/\/filmfestivaldorf.com\/hr\/wp-json\/wp\/v2\/categories?post=784"},{"taxonomy":"post_tag","embeddable":true,"href":"https:\/\/filmfestivaldorf.com\/hr\/wp-json\/wp\/v2\/tags?post=784"}],"curies":[{"name":"wp","href":"https:\/\/api.w.org\/{rel}","templated":true}]}}