{"id":788,"date":"2018-08-05T15:11:36","date_gmt":"2018-08-05T15:11:36","guid":{"rendered":"https:\/\/filmfestivaldorf.com\/hr\/?p=788"},"modified":"2020-05-23T15:13:40","modified_gmt":"2020-05-23T15:13:40","slug":"izmjena-raspored-primosten","status":"publish","type":"post","link":"https:\/\/filmfestivaldorf.com\/hr\/2018\/08\/05\/izmjena-raspored-primosten\/","title":{"rendered":"IZMJENA RASPORED \u2013 PRIMO\u0160TEN!"},"content":{"rendered":"<figure class=\"featured-media\">\n<div class=\"featured-media-inner section-inner\"><img loading=\"lazy\" class=\"attachment-post-thumbnail size-post-thumbnail wp-post-image\" src=\"https:\/\/filmfestivaldorf.com\/hrv\/wp-content\/uploads\/2018\/07\/films.jpg\" sizes=\"(max-width: 710px) 100vw, 710px\" srcset=\"https:\/\/filmfestivaldorf.com\/hrv\/wp-content\/uploads\/2018\/07\/films.jpg 710w, https:\/\/filmfestivaldorf.com\/hrv\/wp-content\/uploads\/2018\/07\/films-300x203.jpg 300w\" alt=\"\" width=\"710\" height=\"480\" \/><\/div>\n<\/figure>\n<div class=\"post-inner thin \">\n<div class=\"entry-content\">\n<p>Sino\u0107 smo imali problema s lo\u0161im vremenom te smo prisiljeni promijeniti raspored DORF 2018 projekcija i popratnog programa.<\/p>\n<p>Tako u nedjelju 5.8. umjesto najavljenog DJ vs.VJ programa, gledamo film \u201cPotencijal buke \u2013 Connie Plank\u201d, a u ponedjeljak 2 subotnja filma \u201cBetty \u2013 Ka\u017eu Da Sam Druk\u010dija\u201d i \u201cElektri\u010dni snovi\u201d.<\/p>\n<p>Nadamo se da \u0107ete uva\u017eiti na\u0161e izmjene i pridru\u017eiti nam se na pla\u017ei\u2026<\/p>\n<p><strong>Novi raspored Primo\u0161ten DORF 2018<\/strong><\/p>\n<p>5.8. (nedjelja)<\/p>\n<p>19:30 Glazbeno-filmski kviz (powered by KlasikTV)<\/p>\n<p>20:30 LP film Laibach(HR premijera)<\/p>\n<p>21:30 Glasnije od oru\u017eja<\/p>\n<p>23:00 Tajna povijest DORFa powered by Pecha Kucha<\/p>\n<p>23:59\u00a0\u00a0Potencijal buke \u2013 Connie Plank<\/p>\n<p>6.8. (ponedjeljak)<\/p>\n<p>20:30\u00a0Betty Davis \u2013 Ka\u017eu Da Sam Druk\u010dija (HR premijera)<\/p>\n<p>21:30 Nevidljive ruke (HR premijera)<\/p>\n<p>23:00 Spit\u2019n\u2019split (HR premijera)<\/p>\n<p>00:30 Elektri\u010dni snovi (HR premijera)<\/p>\n<\/div>\n<\/div>\n","protected":false},"excerpt":{"rendered":"<p>Sino\u0107 smo imali problema s lo\u0161im vremenom te smo prisiljeni promijeniti raspored DORF 2018 projekcija i popratnog programa. Tako u nedjelju 5.8. umjesto najavljenog DJ vs.VJ programa, gledamo film \u201cPotencijal buke \u2013 Connie Plank\u201d, a u ponedjeljak 2 subotnja filma \u201cBetty \u2013 Ka\u017eu Da Sam Druk\u010dija\u201d i \u201cElektri\u010dni snovi\u201d. Nadamo se da \u0107ete uva\u017eiti na\u0161e [&#8230;]\n","protected":false},"author":1,"featured_media":0,"comment_status":"closed","ping_status":"closed","sticky":false,"template":"","format":"standard","meta":{"_monsterinsights_skip_tracking":false,"_monsterinsights_sitenote_active":false,"_monsterinsights_sitenote_note":"","_monsterinsights_sitenote_category":0,"_links_to":"","_links_to_target":""},"categories":[1],"tags":[],"aioseo_notices":[],"_links":{"self":[{"href":"https:\/\/filmfestivaldorf.com\/hr\/wp-json\/wp\/v2\/posts\/788"}],"collection":[{"href":"https:\/\/filmfestivaldorf.com\/hr\/wp-json\/wp\/v2\/posts"}],"about":[{"href":"https:\/\/filmfestivaldorf.com\/hr\/wp-json\/wp\/v2\/types\/post"}],"author":[{"embeddable":true,"href":"https:\/\/filmfestivaldorf.com\/hr\/wp-json\/wp\/v2\/users\/1"}],"replies":[{"embeddable":true,"href":"https:\/\/filmfestivaldorf.com\/hr\/wp-json\/wp\/v2\/comments?post=788"}],"version-history":[{"count":1,"href":"https:\/\/filmfestivaldorf.com\/hr\/wp-json\/wp\/v2\/posts\/788\/revisions"}],"predecessor-version":[{"id":789,"href":"https:\/\/filmfestivaldorf.com\/hr\/wp-json\/wp\/v2\/posts\/788\/revisions\/789"}],"wp:attachment":[{"href":"https:\/\/filmfestivaldorf.com\/hr\/wp-json\/wp\/v2\/media?parent=788"}],"wp:term":[{"taxonomy":"category","embeddable":true,"href":"https:\/\/filmfestivaldorf.com\/hr\/wp-json\/wp\/v2\/categories?post=788"},{"taxonomy":"post_tag","embeddable":true,"href":"https:\/\/filmfestivaldorf.com\/hr\/wp-json\/wp\/v2\/tags?post=788"}],"curies":[{"name":"wp","href":"https:\/\/api.w.org\/{rel}","templated":true}]}}