{"id":813,"date":"2018-06-12T15:31:43","date_gmt":"2018-06-12T15:31:43","guid":{"rendered":"https:\/\/filmfestivaldorf.com\/hr\/?p=813"},"modified":"2020-05-23T15:32:24","modified_gmt":"2020-05-23T15:32:24","slug":"geto-tajna-povijest-grada","status":"publish","type":"post","link":"https:\/\/filmfestivaldorf.com\/hr\/2018\/06\/12\/geto-tajna-povijest-grada\/","title":{"rendered":"GETO \u2013 TAJNA POVIJEST GRADA"},"content":{"rendered":"<figure class=\"featured-media\">\n<div class=\"featured-media-inner section-inner\"><img loading=\"lazy\" class=\"attachment-post-thumbnail size-post-thumbnail wp-post-image\" src=\"https:\/\/filmfestivaldorf.com\/hrv\/wp-content\/uploads\/2018\/06\/geto.jpg\" sizes=\"(max-width: 700px) 100vw, 700px\" srcset=\"https:\/\/filmfestivaldorf.com\/hrv\/wp-content\/uploads\/2018\/06\/geto.jpg 700w, https:\/\/filmfestivaldorf.com\/hrv\/wp-content\/uploads\/2018\/06\/geto-300x198.jpg 300w\" alt=\"\" width=\"700\" height=\"461\" \/><\/div>\n<\/figure>\n<div class=\"post-inner thin \">\n<div class=\"entry-content\">\n<p>R: Mladen Mati\u010devi\u0107, Ivan Markov (Srbija)<br \/>\nP: Radio B92 (1995)<br \/>\nT: 71\u2032<\/p>\n<p>Ako to jo\u0161 ne znate: film prati Gorana \u010cavajdu \u010cavketa, bubnjara Elektri\u010dnog Orgazma koji u susretima sa svojim prijateljima, glazbenicima, umjetnicima prikazuje \u017eivot u Beogradu pod sankcijama.<br \/>\nFilm do sada nije prikazan na DORFu i ovom projekcijom u Vintage industrial baru ispravljamo malu nepravdu prema jednom od najva\u017enijih regionalnih (ne samo glazbenih) dokumentaraca.<\/p>\n<p><iframe loading=\"lazy\" src=\"https:\/\/www.youtube.com\/embed\/Y3Jwb4r0kpY\" width=\"560\" height=\"315\" frameborder=\"0\" allowfullscreen=\"allowfullscreen\" data-origwidth=\"560\" data-origheight=\"315\" data-mce-fragment=\"1\"><\/iframe><\/p>\n<\/div>\n<\/div>\n<div class=\"section-inner\">\n<div class=\"post-meta-wrapper post-meta-edit-link-wrapper\">\n<ul class=\"post-meta\">\n<li class=\"post-edit meta-wrapper\"><\/li>\n<\/ul>\n<\/div>\n<\/div>\n","protected":false},"excerpt":{"rendered":"<p>R: Mladen Mati\u010devi\u0107, Ivan Markov (Srbija) P: Radio B92 (1995) T: 71\u2032 Ako to jo\u0161 ne znate: film prati Gorana \u010cavajdu \u010cavketa, bubnjara Elektri\u010dnog Orgazma koji u susretima sa svojim prijateljima, glazbenicima, umjetnicima prikazuje \u017eivot u Beogradu pod sankcijama. Film do sada nije prikazan na DORFu i ovom projekcijom u Vintage industrial baru ispravljamo malu [&#8230;]\n","protected":false},"author":1,"featured_media":0,"comment_status":"closed","ping_status":"closed","sticky":false,"template":"","format":"standard","meta":{"_monsterinsights_skip_tracking":false,"_monsterinsights_sitenote_active":false,"_monsterinsights_sitenote_note":"","_monsterinsights_sitenote_category":0,"_links_to":"","_links_to_target":""},"categories":[1],"tags":[],"aioseo_notices":[],"_links":{"self":[{"href":"https:\/\/filmfestivaldorf.com\/hr\/wp-json\/wp\/v2\/posts\/813"}],"collection":[{"href":"https:\/\/filmfestivaldorf.com\/hr\/wp-json\/wp\/v2\/posts"}],"about":[{"href":"https:\/\/filmfestivaldorf.com\/hr\/wp-json\/wp\/v2\/types\/post"}],"author":[{"embeddable":true,"href":"https:\/\/filmfestivaldorf.com\/hr\/wp-json\/wp\/v2\/users\/1"}],"replies":[{"embeddable":true,"href":"https:\/\/filmfestivaldorf.com\/hr\/wp-json\/wp\/v2\/comments?post=813"}],"version-history":[{"count":1,"href":"https:\/\/filmfestivaldorf.com\/hr\/wp-json\/wp\/v2\/posts\/813\/revisions"}],"predecessor-version":[{"id":814,"href":"https:\/\/filmfestivaldorf.com\/hr\/wp-json\/wp\/v2\/posts\/813\/revisions\/814"}],"wp:attachment":[{"href":"https:\/\/filmfestivaldorf.com\/hr\/wp-json\/wp\/v2\/media?parent=813"}],"wp:term":[{"taxonomy":"category","embeddable":true,"href":"https:\/\/filmfestivaldorf.com\/hr\/wp-json\/wp\/v2\/categories?post=813"},{"taxonomy":"post_tag","embeddable":true,"href":"https:\/\/filmfestivaldorf.com\/hr\/wp-json\/wp\/v2\/tags?post=813"}],"curies":[{"name":"wp","href":"https:\/\/api.w.org\/{rel}","templated":true}]}}