{"id":838,"date":"2018-06-12T15:43:28","date_gmt":"2018-06-12T15:43:28","guid":{"rendered":"https:\/\/filmfestivaldorf.com\/hr\/?p=838"},"modified":"2020-05-23T15:44:03","modified_gmt":"2020-05-23T15:44:03","slug":"veja","status":"publish","type":"post","link":"https:\/\/filmfestivaldorf.com\/hr\/2018\/06\/12\/veja\/","title":{"rendered":"VEJA"},"content":{"rendered":"<figure class=\"featured-media\">\n<div class=\"featured-media-inner section-inner\"><img loading=\"lazy\" class=\"attachment-post-thumbnail size-post-thumbnail wp-post-image\" src=\"https:\/\/filmfestivaldorf.com\/hrv\/wp-content\/uploads\/2018\/06\/veja.jpg\" sizes=\"(max-width: 700px) 100vw, 700px\" srcset=\"https:\/\/filmfestivaldorf.com\/hrv\/wp-content\/uploads\/2018\/06\/veja.jpg 700w, https:\/\/filmfestivaldorf.com\/hrv\/wp-content\/uploads\/2018\/06\/veja-300x198.jpg 300w\" alt=\"\" width=\"700\" height=\"461\" \/><\/div>\n<\/figure>\n<div class=\"post-inner thin \">\n<div class=\"entry-content\">\n<p>VEJA<br \/>\nR: Neven Mihael Diane\u017eevi\u0107 (Hrvatska)<br \/>\nP: HRT (2017)<br \/>\nT: 33\u2032<\/p>\n<p>Zovu ga \u201eJimmy Hendrix na mrtvoj kozi\u201c jer je virtuoz na mihu! \u017divciraju ga kli\u0161eji da etnoglazbenici moraju svirati u \u0161umi i jesti organski uzgojenu hranu\u2026svjestan je da istarski melos nije ugodan svakom uhu, \u017eivi u Belgiji i u Hrvatskoj i pjeva\u010d je koji nastupa bos i pjeva \u017emire\u0107i! Upoznajte Gorana Farka\u0161a, etnomuzikologa i multiinstrumentalista, koji predvodi ovaj zanimljiv band iz Pazina.<\/p>\n<\/div>\n<\/div>\n","protected":false},"excerpt":{"rendered":"<p>VEJA R: Neven Mihael Diane\u017eevi\u0107 (Hrvatska) P: HRT (2017) T: 33\u2032 Zovu ga \u201eJimmy Hendrix na mrtvoj kozi\u201c jer je virtuoz na mihu! \u017divciraju ga kli\u0161eji da etnoglazbenici moraju svirati u \u0161umi i jesti organski uzgojenu hranu\u2026svjestan je da istarski melos nije ugodan svakom uhu, \u017eivi u Belgiji i u Hrvatskoj i pjeva\u010d je koji [&#8230;]\n","protected":false},"author":1,"featured_media":0,"comment_status":"closed","ping_status":"closed","sticky":false,"template":"","format":"standard","meta":{"_monsterinsights_skip_tracking":false,"_monsterinsights_sitenote_active":false,"_monsterinsights_sitenote_note":"","_monsterinsights_sitenote_category":0,"_links_to":"","_links_to_target":""},"categories":[1],"tags":[],"aioseo_notices":[],"_links":{"self":[{"href":"https:\/\/filmfestivaldorf.com\/hr\/wp-json\/wp\/v2\/posts\/838"}],"collection":[{"href":"https:\/\/filmfestivaldorf.com\/hr\/wp-json\/wp\/v2\/posts"}],"about":[{"href":"https:\/\/filmfestivaldorf.com\/hr\/wp-json\/wp\/v2\/types\/post"}],"author":[{"embeddable":true,"href":"https:\/\/filmfestivaldorf.com\/hr\/wp-json\/wp\/v2\/users\/1"}],"replies":[{"embeddable":true,"href":"https:\/\/filmfestivaldorf.com\/hr\/wp-json\/wp\/v2\/comments?post=838"}],"version-history":[{"count":1,"href":"https:\/\/filmfestivaldorf.com\/hr\/wp-json\/wp\/v2\/posts\/838\/revisions"}],"predecessor-version":[{"id":839,"href":"https:\/\/filmfestivaldorf.com\/hr\/wp-json\/wp\/v2\/posts\/838\/revisions\/839"}],"wp:attachment":[{"href":"https:\/\/filmfestivaldorf.com\/hr\/wp-json\/wp\/v2\/media?parent=838"}],"wp:term":[{"taxonomy":"category","embeddable":true,"href":"https:\/\/filmfestivaldorf.com\/hr\/wp-json\/wp\/v2\/categories?post=838"},{"taxonomy":"post_tag","embeddable":true,"href":"https:\/\/filmfestivaldorf.com\/hr\/wp-json\/wp\/v2\/tags?post=838"}],"curies":[{"name":"wp","href":"https:\/\/api.w.org\/{rel}","templated":true}]}}