{"id":840,"date":"2018-06-12T15:44:38","date_gmt":"2018-06-12T15:44:38","guid":{"rendered":"https:\/\/filmfestivaldorf.com\/hr\/?p=840"},"modified":"2020-05-23T15:45:18","modified_gmt":"2020-05-23T15:45:18","slug":"glasnije-od-oruzja","status":"publish","type":"post","link":"https:\/\/filmfestivaldorf.com\/hr\/2018\/06\/12\/glasnije-od-oruzja\/","title":{"rendered":"GLASNIJE OD ORU\u017dJA"},"content":{"rendered":"<figure class=\"featured-media\">\n<div class=\"featured-media-inner section-inner\"><img loading=\"lazy\" class=\"attachment-post-thumbnail size-post-thumbnail wp-post-image\" src=\"https:\/\/filmfestivaldorf.com\/hrv\/wp-content\/uploads\/2018\/06\/glasnije.jpg\" sizes=\"(max-width: 700px) 100vw, 700px\" srcset=\"https:\/\/filmfestivaldorf.com\/hrv\/wp-content\/uploads\/2018\/06\/glasnije.jpg 700w, https:\/\/filmfestivaldorf.com\/hrv\/wp-content\/uploads\/2018\/06\/glasnije-300x198.jpg 300w\" alt=\"\" width=\"700\" height=\"461\" \/><\/div>\n<\/figure>\n<div class=\"post-inner thin \">\n<div class=\"entry-content\">\n<p>R: Miroslav Sikavica (Hrvatska)<br \/>\nP: Factum (2017)<br \/>\nT: 86\u2032<br \/>\nTrailer\u00a0<a href=\"https:\/\/vimeo.com\/226556848\" target=\"_blank\" rel=\"noopener noreferrer\">https:\/\/vimeo.com\/226556848<\/a><\/p>\n<p>Povratak u 90-te, Domovinski rat i atmosferu koja je vladala. Emocije i glazba, fascinantan dokument vremena kojeg se nerado sje\u0107amo, ali o kojem ne znamo dovoljno. Film koji \u0107e poslu\u017eiti mnogima kao referentno mjesto za razne teze i rasprave, sna\u017ena potvrda da je glazba bila glasnija od oru\u017eja. Arhivski materijali i brojni zanimljivi sugovornici donose odli\u010dan film koji zaslu\u017eeno nosi oznaku \u201emust-see\u201c.<\/p>\n<p><iframe loading=\"lazy\" src=\"https:\/\/player.vimeo.com\/video\/226556848\" width=\"640\" height=\"360\" frameborder=\"0\" allowfullscreen=\"allowfullscreen\" data-origwidth=\"640\" data-origheight=\"360\" data-mce-fragment=\"1\"><\/iframe><\/p>\n<\/div>\n<\/div>\n<div class=\"section-inner\">\n<div class=\"post-meta-wrapper post-meta-edit-link-wrapper\">\n<ul class=\"post-meta\">\n<li class=\"post-edit meta-wrapper\"><\/li>\n<\/ul>\n<\/div>\n<\/div>\n","protected":false},"excerpt":{"rendered":"<p>R: Miroslav Sikavica (Hrvatska) P: Factum (2017) T: 86\u2032 Trailer\u00a0https:\/\/vimeo.com\/226556848 Povratak u 90-te, Domovinski rat i atmosferu koja je vladala. Emocije i glazba, fascinantan dokument vremena kojeg se nerado sje\u0107amo, ali o kojem ne znamo dovoljno. Film koji \u0107e poslu\u017eiti mnogima kao referentno mjesto za razne teze i rasprave, sna\u017ena potvrda da je glazba bila [&#8230;]\n","protected":false},"author":1,"featured_media":0,"comment_status":"closed","ping_status":"closed","sticky":false,"template":"","format":"standard","meta":{"_monsterinsights_skip_tracking":false,"_monsterinsights_sitenote_active":false,"_monsterinsights_sitenote_note":"","_monsterinsights_sitenote_category":0,"_links_to":"","_links_to_target":""},"categories":[1],"tags":[],"aioseo_notices":[],"_links":{"self":[{"href":"https:\/\/filmfestivaldorf.com\/hr\/wp-json\/wp\/v2\/posts\/840"}],"collection":[{"href":"https:\/\/filmfestivaldorf.com\/hr\/wp-json\/wp\/v2\/posts"}],"about":[{"href":"https:\/\/filmfestivaldorf.com\/hr\/wp-json\/wp\/v2\/types\/post"}],"author":[{"embeddable":true,"href":"https:\/\/filmfestivaldorf.com\/hr\/wp-json\/wp\/v2\/users\/1"}],"replies":[{"embeddable":true,"href":"https:\/\/filmfestivaldorf.com\/hr\/wp-json\/wp\/v2\/comments?post=840"}],"version-history":[{"count":1,"href":"https:\/\/filmfestivaldorf.com\/hr\/wp-json\/wp\/v2\/posts\/840\/revisions"}],"predecessor-version":[{"id":841,"href":"https:\/\/filmfestivaldorf.com\/hr\/wp-json\/wp\/v2\/posts\/840\/revisions\/841"}],"wp:attachment":[{"href":"https:\/\/filmfestivaldorf.com\/hr\/wp-json\/wp\/v2\/media?parent=840"}],"wp:term":[{"taxonomy":"category","embeddable":true,"href":"https:\/\/filmfestivaldorf.com\/hr\/wp-json\/wp\/v2\/categories?post=840"},{"taxonomy":"post_tag","embeddable":true,"href":"https:\/\/filmfestivaldorf.com\/hr\/wp-json\/wp\/v2\/tags?post=840"}],"curies":[{"name":"wp","href":"https:\/\/api.w.org\/{rel}","templated":true}]}}