{"id":846,"date":"2018-05-23T15:48:00","date_gmt":"2018-05-23T15:48:00","guid":{"rendered":"https:\/\/filmfestivaldorf.com\/hr\/?p=846"},"modified":"2020-05-23T15:48:47","modified_gmt":"2020-05-23T15:48:47","slug":"dorf-2018-vintage-warm-up-no-2","status":"publish","type":"post","link":"https:\/\/filmfestivaldorf.com\/hr\/2018\/05\/23\/dorf-2018-vintage-warm-up-no-2\/","title":{"rendered":"DORF 2018 \u2013 VINTAGE WARM UP No.2"},"content":{"rendered":"<figure class=\"featured-media\">\n<div class=\"featured-media-inner section-inner\"><img loading=\"lazy\" class=\"attachment-post-thumbnail size-post-thumbnail wp-post-image\" src=\"https:\/\/filmfestivaldorf.com\/hrv\/wp-content\/uploads\/2018\/05\/1920-x-1080_facebook-_1-Copy.jpg\" sizes=\"(max-width: 710px) 100vw, 710px\" srcset=\"https:\/\/filmfestivaldorf.com\/hrv\/wp-content\/uploads\/2018\/05\/1920-x-1080_facebook-_1-Copy.jpg 710w, https:\/\/filmfestivaldorf.com\/hrv\/wp-content\/uploads\/2018\/05\/1920-x-1080_facebook-_1-Copy-300x203.jpg 300w\" alt=\"\" width=\"710\" height=\"480\" \/><\/div>\n<\/figure>\n<div class=\"post-inner thin \">\n<div class=\"entry-content\">\n<p>Tijekom lipnja i srpnja u Ljetnom vrtu\u00a0<strong>Vintage industrial bara<\/strong>\u00a0u Zagrebu odr\u017eat \u0107e se 4 warm-up programa, kao zagrijavanje za ovogodi\u0161nje DORF izdanje. Ekskluzivnu \u201eTajna povijest DORFa\u201c powered by PechaKucha prezentaciju organiziramo ovo ljeto u Zagrebu, Primo\u0161tenu i Vinkovcima. U ugodnom dru\u017eenju i opu\u0161tenom ambijentu, predstavit \u0107emo vam drage DORF prijatelje i suradnike u ovom zanimljivom formatu.<\/p>\n<p>Prvo predstavljanje \u201eTajna povijest DORFa\u201c organizirano je u Vintage industrial baru, u\u00a0<strong>\u010detvrtak 7.6. s po\u010detkom od 21:00 sati<\/strong>. Koncept \u201e20 slika u 20 sekundi\u201c u kojem \u0107e se pod voditeljskom palicom\u00a0<strong>Marija Kova\u010da<\/strong>\u00a0predstaviti i ispri\u010dati svoju pri\u010du zadan je legendarnom Slu\u0161aj najglasnije dobitniku DORF nagrade za \u017eivotno djelo\u00a0<strong>Zdenku Franji\u0107u<\/strong>, konceptualnom umjetniku i \u010dlanu ovogodi\u0161njeg DORF \u017eirija\u00a0<strong>Sini\u0161i Labrovi\u0107u<\/strong>, vlasniku knji\u017eare Rockmark\u00a0<strong>Kre\u0161imiru Bla\u017eevi\u0107u<\/strong>, strip zaljubljeniku i ilustratoru\u00a0<strong>Vladimiru \u0160agadinu<\/strong>, nagra\u0111ivanom redatelju\u00a0<strong>Damiru \u010cu\u010di\u0107u<\/strong>, glazbeniku i producentu\u00a0<strong>Valentu Samard\u017eiji<\/strong>, redatelju i producentu\u00a0<strong>Leonu Rizmaulu<\/strong>, rockabilly glazbeniku koji je rekordnih 3 puta svirao na DORFu\u00a0<strong>Branku Radovan\u010devi\u0107u<\/strong>, ekipi iz Festivala fotografija\u00a0<strong>Organ vida<\/strong>\u00a0i mladim dizajnerima koji rade\u00a0<strong>Festival Plan D.<\/strong><\/p>\n<p>Ulaz je slobodan.<\/p>\n<p>Koristimo priliku da vas podsjetimo i na prvu DORF warm up ve\u010der u Ljetnom vrtu Vintage industrial bara u\u00a0<strong>nedjelju 3.6<\/strong>. kada od 20:00 sati predstavljamo\u00a0<strong>reizdanje knjige \u201eSedma republika\u201c<\/strong>\u00a0Ante Perkovi\u0107a u dru\u0161tvu sa\u00a0<em>Zoranom Staj\u010di\u0107em, Zdenkom Franji\u0107em, Kre\u0161imirom Bla\u017eevi\u0107em i Borutom \u0160eparovi\u0107em<\/em>\u00a0i gledamo film\u00a0<strong>\u201eGeto \u2013 tajni \u017eivot grada\u201c<\/strong>\u00a0autora Mladena Mati\u010devi\u0107a i Ivana Markova.<\/p>\n<p>Sljede\u0107e OFF DORF warm up ve\u010deri u Ljetnom vrtu su 17.6. i 8.7.<\/p>\n<p><a href=\"http:\/\/www.pechakucha.org\/\">www.pechakucha.org<\/a><\/p>\n<\/div>\n<\/div>\n","protected":false},"excerpt":{"rendered":"<p>Tijekom lipnja i srpnja u Ljetnom vrtu\u00a0Vintage industrial bara\u00a0u Zagrebu odr\u017eat \u0107e se 4 warm-up programa, kao zagrijavanje za ovogodi\u0161nje DORF izdanje. Ekskluzivnu \u201eTajna povijest DORFa\u201c powered by PechaKucha prezentaciju organiziramo ovo ljeto u Zagrebu, Primo\u0161tenu i Vinkovcima. U ugodnom dru\u017eenju i opu\u0161tenom ambijentu, predstavit \u0107emo vam drage DORF prijatelje i suradnike u ovom zanimljivom [&#8230;]\n","protected":false},"author":1,"featured_media":0,"comment_status":"closed","ping_status":"closed","sticky":false,"template":"","format":"standard","meta":{"_monsterinsights_skip_tracking":false,"_monsterinsights_sitenote_active":false,"_monsterinsights_sitenote_note":"","_monsterinsights_sitenote_category":0,"_links_to":"","_links_to_target":""},"categories":[1],"tags":[],"aioseo_notices":[],"_links":{"self":[{"href":"https:\/\/filmfestivaldorf.com\/hr\/wp-json\/wp\/v2\/posts\/846"}],"collection":[{"href":"https:\/\/filmfestivaldorf.com\/hr\/wp-json\/wp\/v2\/posts"}],"about":[{"href":"https:\/\/filmfestivaldorf.com\/hr\/wp-json\/wp\/v2\/types\/post"}],"author":[{"embeddable":true,"href":"https:\/\/filmfestivaldorf.com\/hr\/wp-json\/wp\/v2\/users\/1"}],"replies":[{"embeddable":true,"href":"https:\/\/filmfestivaldorf.com\/hr\/wp-json\/wp\/v2\/comments?post=846"}],"version-history":[{"count":1,"href":"https:\/\/filmfestivaldorf.com\/hr\/wp-json\/wp\/v2\/posts\/846\/revisions"}],"predecessor-version":[{"id":847,"href":"https:\/\/filmfestivaldorf.com\/hr\/wp-json\/wp\/v2\/posts\/846\/revisions\/847"}],"wp:attachment":[{"href":"https:\/\/filmfestivaldorf.com\/hr\/wp-json\/wp\/v2\/media?parent=846"}],"wp:term":[{"taxonomy":"category","embeddable":true,"href":"https:\/\/filmfestivaldorf.com\/hr\/wp-json\/wp\/v2\/categories?post=846"},{"taxonomy":"post_tag","embeddable":true,"href":"https:\/\/filmfestivaldorf.com\/hr\/wp-json\/wp\/v2\/tags?post=846"}],"curies":[{"name":"wp","href":"https:\/\/api.w.org\/{rel}","templated":true}]}}