{"id":858,"date":"2018-05-03T15:54:50","date_gmt":"2018-05-03T15:54:50","guid":{"rendered":"https:\/\/filmfestivaldorf.com\/hr\/?p=858"},"modified":"2020-05-23T15:55:14","modified_gmt":"2020-05-23T15:55:14","slug":"varja-mocnik","status":"publish","type":"post","link":"https:\/\/filmfestivaldorf.com\/hr\/2018\/05\/03\/varja-mocnik\/","title":{"rendered":"Varja Mocnik"},"content":{"rendered":"<figure class=\"featured-media\">\n<div class=\"featured-media-inner section-inner\"><img loading=\"lazy\" class=\"attachment-post-thumbnail size-post-thumbnail wp-post-image\" src=\"https:\/\/filmfestivaldorf.com\/hrv\/wp-content\/uploads\/2018\/05\/varja_mocnik.jpg\" sizes=\"(max-width: 800px) 100vw, 800px\" srcset=\"https:\/\/filmfestivaldorf.com\/hrv\/wp-content\/uploads\/2018\/05\/varja_mocnik.jpg 800w, https:\/\/filmfestivaldorf.com\/hrv\/wp-content\/uploads\/2018\/05\/varja_mocnik-300x200.jpg 300w, https:\/\/filmfestivaldorf.com\/hrv\/wp-content\/uploads\/2018\/05\/varja_mocnik-768x512.jpg 768w, https:\/\/filmfestivaldorf.com\/hrv\/wp-content\/uploads\/2018\/05\/varja_mocnik-720x480.jpg 720w\" alt=\"\" width=\"800\" height=\"533\" \/><\/div>\n<\/figure>\n<div class=\"post-inner thin \">\n<div class=\"entry-content\">\n<p>\u2013 \u017eivi \u017eivot u simbiozi s filmom: radi filmske programe (Slovenska kinoteka, Festival Kino Otok \u2013 Isola Cinema), o filmu pi\u0161e, ponekad i re\u017eira. Srdacno voli svakojake filmske oblike, tipove i \u017eanrove i vjeruje u borbu za slobodu filma. Pro\u0161logodi\u0161nja pobjednica, film o prvom albumu Buldo\u017eera.<\/p>\n<\/div>\n<\/div>\n","protected":false},"excerpt":{"rendered":"<p>\u2013 \u017eivi \u017eivot u simbiozi s filmom: radi filmske programe (Slovenska kinoteka, Festival Kino Otok \u2013 Isola Cinema), o filmu pi\u0161e, ponekad i re\u017eira. Srdacno voli svakojake filmske oblike, tipove i \u017eanrove i vjeruje u borbu za slobodu filma. Pro\u0161logodi\u0161nja pobjednica, film o prvom albumu Buldo\u017eera.<\/p>\n","protected":false},"author":1,"featured_media":0,"comment_status":"closed","ping_status":"closed","sticky":false,"template":"","format":"standard","meta":{"_monsterinsights_skip_tracking":false,"_monsterinsights_sitenote_active":false,"_monsterinsights_sitenote_note":"","_monsterinsights_sitenote_category":0,"_links_to":"","_links_to_target":""},"categories":[1],"tags":[],"aioseo_notices":[],"_links":{"self":[{"href":"https:\/\/filmfestivaldorf.com\/hr\/wp-json\/wp\/v2\/posts\/858"}],"collection":[{"href":"https:\/\/filmfestivaldorf.com\/hr\/wp-json\/wp\/v2\/posts"}],"about":[{"href":"https:\/\/filmfestivaldorf.com\/hr\/wp-json\/wp\/v2\/types\/post"}],"author":[{"embeddable":true,"href":"https:\/\/filmfestivaldorf.com\/hr\/wp-json\/wp\/v2\/users\/1"}],"replies":[{"embeddable":true,"href":"https:\/\/filmfestivaldorf.com\/hr\/wp-json\/wp\/v2\/comments?post=858"}],"version-history":[{"count":1,"href":"https:\/\/filmfestivaldorf.com\/hr\/wp-json\/wp\/v2\/posts\/858\/revisions"}],"predecessor-version":[{"id":859,"href":"https:\/\/filmfestivaldorf.com\/hr\/wp-json\/wp\/v2\/posts\/858\/revisions\/859"}],"wp:attachment":[{"href":"https:\/\/filmfestivaldorf.com\/hr\/wp-json\/wp\/v2\/media?parent=858"}],"wp:term":[{"taxonomy":"category","embeddable":true,"href":"https:\/\/filmfestivaldorf.com\/hr\/wp-json\/wp\/v2\/categories?post=858"},{"taxonomy":"post_tag","embeddable":true,"href":"https:\/\/filmfestivaldorf.com\/hr\/wp-json\/wp\/v2\/tags?post=858"}],"curies":[{"name":"wp","href":"https:\/\/api.w.org\/{rel}","templated":true}]}}