{"id":860,"date":"2018-05-02T15:55:29","date_gmt":"2018-05-02T15:55:29","guid":{"rendered":"https:\/\/filmfestivaldorf.com\/hr\/?p=860"},"modified":"2020-05-23T15:56:02","modified_gmt":"2020-05-23T15:56:02","slug":"dorf-2018-priznanja","status":"publish","type":"post","link":"https:\/\/filmfestivaldorf.com\/hr\/2018\/05\/02\/dorf-2018-priznanja\/","title":{"rendered":"DORF 2018 PRIZNANJA"},"content":{"rendered":"<figure class=\"featured-media\">\n<div class=\"featured-media-inner section-inner\"><img loading=\"lazy\" class=\"attachment-post-thumbnail size-post-thumbnail wp-post-image\" src=\"https:\/\/filmfestivaldorf.com\/hrv\/wp-content\/uploads\/2018\/05\/bestival_1442659744.jpg\" sizes=\"(max-width: 710px) 100vw, 710px\" srcset=\"https:\/\/filmfestivaldorf.com\/hrv\/wp-content\/uploads\/2018\/05\/bestival_1442659744.jpg 710w, https:\/\/filmfestivaldorf.com\/hrv\/wp-content\/uploads\/2018\/05\/bestival_1442659744-300x203.jpg 300w\" alt=\"\" width=\"710\" height=\"480\" \/><\/div>\n<\/figure>\n<div class=\"post-inner thin \">\n<div class=\"entry-content\">\n<p>Posebna DORF priznanja ove godine posve\u0107ena su svijetu knji\u017eevnosti. Nagradu za \u017eivotno djelo DORF ove godine dodjeljuje\u00a0<strong>Voji \u0160indoli\u0107u<\/strong>, prevoditelju, pjesniku, novinaru, koji nas je upoznao sa djelima brojnim va\u017enim ameri\u010dkim autorima. Osim toga, u razdoblju od 1976. do 1979. bio je jedan od urednika (tada jedinog) jugoslavenskog \u010dasopisa za rock glazbu \u201cD\u017euboks\u201d. Bio je gostuju\u0107i predava\u010d suvremene ameri\u010dke knji\u017eevnosti na University of California u San Franciscu i Berkeleyju. Po\u010dasni je \u010dlan Ameri\u010dke akademije umjetnosti i knji\u017eevnosti i ameri\u010dkog PEN centra. \u010clan je hrvatskog PEN centra i HDP-a. Od 1982. suradnik je Tre\u0107eg programa Radio Zagreba (\u201cPoezija naglas\u201d i \u201cDnevnici i pisma\u201d) s preko 500 emitiranih polusatnih emisija prijevoda suvremene ameri\u010dke i svjetske knji\u017eevnosti. Od 1979. bavi se likovnom umjetno\u0161\u0107u kao drugim oblikom svog umjetni\u010dkog izra\u017eavanja. Danas \u017eivi i radi u Dubrovniku.<\/p>\n<p><a href=\"https:\/\/filmfestivaldorf.com\/hrv\/wp-content\/uploads\/2018\/05\/bestival_1442659744.jpg\"><img loading=\"lazy\" class=\"size-medium wp-image-11700 aligncenter\" src=\"https:\/\/filmfestivaldorf.com\/hrv\/wp-content\/uploads\/2018\/05\/bestival_1442659744-300x203.jpg\" sizes=\"(max-width: 300px) 100vw, 300px\" srcset=\"https:\/\/filmfestivaldorf.com\/hrv\/wp-content\/uploads\/2018\/05\/bestival_1442659744-300x203.jpg 300w, https:\/\/filmfestivaldorf.com\/hrv\/wp-content\/uploads\/2018\/05\/bestival_1442659744.jpg 710w\" alt=\"\" width=\"300\" height=\"203\" \/><\/a><\/p>\n<p>Posebno DORF priznanje za doprinos undergroundu ove godine odlazi u\u00a0<strong>koprivni\u010dki<\/strong><strong>\u00a0\u201e\u0160areni du\u0107an\u201c<\/strong>. S posebnim zadovoljstvom zahvaljujemo se\u00a0<strong>Krunoslavu Jajeti\u0107u<\/strong>\u00a0i njegovoj ekipi na svim fantasti\u010dnim izdanjima, od 1997. do danas, impresivnom katalogu remek-djela knji\u017eevnosti i stripa, koja su nam predstavili i pribli\u017eili te hrabrosti i viziji.<\/p>\n<p>Potra\u017eite jo\u0161 danas na\u00a0<a href=\"http:\/\/www.sareni-ducan.hr\/\">http:\/\/www.sareni-ducan.hr\/<\/a><\/p>\n<p><a href=\"https:\/\/filmfestivaldorf.com\/hrv\/wp-content\/uploads\/2018\/05\/sareni.jpeg\"><img loading=\"lazy\" class=\"size-medium wp-image-11699 aligncenter\" src=\"https:\/\/filmfestivaldorf.com\/hrv\/wp-content\/uploads\/2018\/05\/sareni-300x203.jpeg\" sizes=\"(max-width: 300px) 100vw, 300px\" srcset=\"https:\/\/filmfestivaldorf.com\/hrv\/wp-content\/uploads\/2018\/05\/sareni-300x203.jpeg 300w, https:\/\/filmfestivaldorf.com\/hrv\/wp-content\/uploads\/2018\/05\/sareni.jpeg 710w\" alt=\"\" width=\"300\" height=\"203\" \/><\/a><\/p>\n<p>Za unikatne nagrade laureatima na ovogodi\u0161njem festivalu i ove godine zadu\u017een je mladi splitski kipar&amp;strip autor\u00a0<strong>Miro \u017dupa<\/strong>.<\/p>\n<p>Autor ovogodi\u0161njeg DORF designa je nagra\u0111ivani mladi autor\u00a0<strong>Martin Peranovi\u0107<\/strong>\u00a0iz Otoka.<\/p>\n<\/div>\n<\/div>\n","protected":false},"excerpt":{"rendered":"<p>Posebna DORF priznanja ove godine posve\u0107ena su svijetu knji\u017eevnosti. Nagradu za \u017eivotno djelo DORF ove godine dodjeljuje\u00a0Voji \u0160indoli\u0107u, prevoditelju, pjesniku, novinaru, koji nas je upoznao sa djelima brojnim va\u017enim ameri\u010dkim autorima. Osim toga, u razdoblju od 1976. do 1979. bio je jedan od urednika (tada jedinog) jugoslavenskog \u010dasopisa za rock glazbu \u201cD\u017euboks\u201d. Bio je gostuju\u0107i [&#8230;]\n","protected":false},"author":1,"featured_media":0,"comment_status":"closed","ping_status":"closed","sticky":false,"template":"","format":"standard","meta":{"_monsterinsights_skip_tracking":false,"_monsterinsights_sitenote_active":false,"_monsterinsights_sitenote_note":"","_monsterinsights_sitenote_category":0,"_links_to":"","_links_to_target":""},"categories":[1],"tags":[],"aioseo_notices":[],"_links":{"self":[{"href":"https:\/\/filmfestivaldorf.com\/hr\/wp-json\/wp\/v2\/posts\/860"}],"collection":[{"href":"https:\/\/filmfestivaldorf.com\/hr\/wp-json\/wp\/v2\/posts"}],"about":[{"href":"https:\/\/filmfestivaldorf.com\/hr\/wp-json\/wp\/v2\/types\/post"}],"author":[{"embeddable":true,"href":"https:\/\/filmfestivaldorf.com\/hr\/wp-json\/wp\/v2\/users\/1"}],"replies":[{"embeddable":true,"href":"https:\/\/filmfestivaldorf.com\/hr\/wp-json\/wp\/v2\/comments?post=860"}],"version-history":[{"count":1,"href":"https:\/\/filmfestivaldorf.com\/hr\/wp-json\/wp\/v2\/posts\/860\/revisions"}],"predecessor-version":[{"id":861,"href":"https:\/\/filmfestivaldorf.com\/hr\/wp-json\/wp\/v2\/posts\/860\/revisions\/861"}],"wp:attachment":[{"href":"https:\/\/filmfestivaldorf.com\/hr\/wp-json\/wp\/v2\/media?parent=860"}],"wp:term":[{"taxonomy":"category","embeddable":true,"href":"https:\/\/filmfestivaldorf.com\/hr\/wp-json\/wp\/v2\/categories?post=860"},{"taxonomy":"post_tag","embeddable":true,"href":"https:\/\/filmfestivaldorf.com\/hr\/wp-json\/wp\/v2\/tags?post=860"}],"curies":[{"name":"wp","href":"https:\/\/api.w.org\/{rel}","templated":true}]}}