{"id":864,"date":"2018-05-02T15:57:10","date_gmt":"2018-05-02T15:57:10","guid":{"rendered":"https:\/\/filmfestivaldorf.com\/hr\/?p=864"},"modified":"2020-05-23T15:57:30","modified_gmt":"2020-05-23T15:57:30","slug":"dorf-2018-ziri","status":"publish","type":"post","link":"https:\/\/filmfestivaldorf.com\/hr\/2018\/05\/02\/dorf-2018-ziri\/","title":{"rendered":"DORF 2018 \u017dIRI"},"content":{"rendered":"<figure class=\"featured-media\">\n<div class=\"featured-media-inner section-inner\"><img loading=\"lazy\" class=\"attachment-post-thumbnail size-post-thumbnail wp-post-image\" src=\"https:\/\/filmfestivaldorf.com\/hrv\/wp-content\/uploads\/2018\/05\/Sinisa-web-1.jpg\" sizes=\"(max-width: 710px) 100vw, 710px\" srcset=\"https:\/\/filmfestivaldorf.com\/hrv\/wp-content\/uploads\/2018\/05\/Sinisa-web-1.jpg 710w, https:\/\/filmfestivaldorf.com\/hrv\/wp-content\/uploads\/2018\/05\/Sinisa-web-1-300x203.jpg 300w\" alt=\"\" width=\"710\" height=\"480\" \/><\/div>\n<\/figure>\n<div class=\"post-inner thin \">\n<div class=\"entry-content\">\n<p>O najboljem DORF 2018 filmu u regionalnoj konkurenciji i dobitniku unikatne skulpture \u2013 koju opet svim ovogodi\u0161njim laureatima radi Miro \u017dupa \u2013 odlu\u010dit \u0107e Varja Mo\u010dnik, Sini\u0161a Labrovi\u0107 i Boris Hrepi\u0107.<\/p>\n<p>Varja Mo\u010dnik \u2013 \u017eivi \u017eivot u simbiozi s filmom: radi filmske programe (Slovenska kinoteka, Festival Kino Otok \u2013 Isola Cinema), o filmu pi\u0161e, ponekad i re\u017eira. Srda\u010dno voli svakojake filmske oblike, tipove i \u017eanrove i vjeruje u borbu za slobodu filma. Pro\u0161logodi\u0161nja pobjednica, film o prvom albumu Buldo\u017eera osigurao joj je mjesto predsjednice ovogodi\u0161njeg DORF \u017eirija.<\/p>\n<p>Sini\u0161a Labrovi\u0107 vizualnim umjetnostima bavi se od 2000. god. Izlagao na desecima samostalnih i skupnih izlo\u017ebi u zemlji i inozemstvu.\u00a0Radovi mu se nalaze u zbirkama Muzeja suvremene umjetnosti u Zagrebu, Galerije umjetnina u Splitu i Umjetni\u010dke galerije u Dubrovniku.<\/p>\n<p>Boris Hrepi\u0107 \u2013 Hrepa, multimedijalni umjetnik, basist Daleke obale, danas bluzer u Sunnysidersima. Autor i voditelj dje\u010dje emisije Dica sritnih lica, a njegov dokumentarac \u201cBlues zapisi Memphisa\u201d prikazan je 2012. na DORFu.<\/p>\n<p><a href=\"https:\/\/filmfestivaldorf.com\/hrv\/wp-content\/uploads\/2018\/05\/Sinisa-web.jpg\"><img loading=\"lazy\" class=\"alignnone size-medium wp-image-11681\" src=\"https:\/\/filmfestivaldorf.com\/hrv\/wp-content\/uploads\/2018\/05\/Sinisa-web-300x210.jpg\" sizes=\"(max-width: 300px) 100vw, 300px\" srcset=\"https:\/\/filmfestivaldorf.com\/hrv\/wp-content\/uploads\/2018\/05\/Sinisa-web-300x210.jpg 300w, https:\/\/filmfestivaldorf.com\/hrv\/wp-content\/uploads\/2018\/05\/Sinisa-web.jpg 710w\" alt=\"\" width=\"300\" height=\"210\" \/><\/a><a href=\"https:\/\/filmfestivaldorf.com\/hrv\/wp-content\/uploads\/2018\/05\/varja_mocnik-web.jpg\"><img loading=\"lazy\" class=\"alignnone size-medium wp-image-11682\" src=\"https:\/\/filmfestivaldorf.com\/hrv\/wp-content\/uploads\/2018\/05\/varja_mocnik-web-300x185.jpg\" sizes=\"(max-width: 300px) 100vw, 300px\" srcset=\"https:\/\/filmfestivaldorf.com\/hrv\/wp-content\/uploads\/2018\/05\/varja_mocnik-web-300x185.jpg 300w, https:\/\/filmfestivaldorf.com\/hrv\/wp-content\/uploads\/2018\/05\/varja_mocnik-web.jpg 710w\" alt=\"\" width=\"300\" height=\"185\" \/><\/a><a href=\"https:\/\/filmfestivaldorf.com\/hrv\/wp-content\/uploads\/2018\/05\/001-HREPA-FOTO-web.jpg\"><img loading=\"lazy\" class=\"alignnone wp-image-11683\" src=\"https:\/\/filmfestivaldorf.com\/hrv\/wp-content\/uploads\/2018\/05\/001-HREPA-FOTO-web-300x236.jpg\" sizes=\"(max-width: 269px) 100vw, 269px\" srcset=\"https:\/\/filmfestivaldorf.com\/hrv\/wp-content\/uploads\/2018\/05\/001-HREPA-FOTO-web-300x236.jpg 300w, https:\/\/filmfestivaldorf.com\/hrv\/wp-content\/uploads\/2018\/05\/001-HREPA-FOTO-web.jpg 710w\" alt=\"\" width=\"269\" height=\"212\" \/><\/a><\/p>\n<\/div>\n<\/div>\n","protected":false},"excerpt":{"rendered":"<p>O najboljem DORF 2018 filmu u regionalnoj konkurenciji i dobitniku unikatne skulpture \u2013 koju opet svim ovogodi\u0161njim laureatima radi Miro \u017dupa \u2013 odlu\u010dit \u0107e Varja Mo\u010dnik, Sini\u0161a Labrovi\u0107 i Boris Hrepi\u0107. Varja Mo\u010dnik \u2013 \u017eivi \u017eivot u simbiozi s filmom: radi filmske programe (Slovenska kinoteka, Festival Kino Otok \u2013 Isola Cinema), o filmu pi\u0161e, ponekad [&#8230;]\n","protected":false},"author":1,"featured_media":0,"comment_status":"closed","ping_status":"closed","sticky":false,"template":"","format":"standard","meta":{"_monsterinsights_skip_tracking":false,"_monsterinsights_sitenote_active":false,"_monsterinsights_sitenote_note":"","_monsterinsights_sitenote_category":0,"_links_to":"","_links_to_target":""},"categories":[1],"tags":[],"aioseo_notices":[],"_links":{"self":[{"href":"https:\/\/filmfestivaldorf.com\/hr\/wp-json\/wp\/v2\/posts\/864"}],"collection":[{"href":"https:\/\/filmfestivaldorf.com\/hr\/wp-json\/wp\/v2\/posts"}],"about":[{"href":"https:\/\/filmfestivaldorf.com\/hr\/wp-json\/wp\/v2\/types\/post"}],"author":[{"embeddable":true,"href":"https:\/\/filmfestivaldorf.com\/hr\/wp-json\/wp\/v2\/users\/1"}],"replies":[{"embeddable":true,"href":"https:\/\/filmfestivaldorf.com\/hr\/wp-json\/wp\/v2\/comments?post=864"}],"version-history":[{"count":1,"href":"https:\/\/filmfestivaldorf.com\/hr\/wp-json\/wp\/v2\/posts\/864\/revisions"}],"predecessor-version":[{"id":865,"href":"https:\/\/filmfestivaldorf.com\/hr\/wp-json\/wp\/v2\/posts\/864\/revisions\/865"}],"wp:attachment":[{"href":"https:\/\/filmfestivaldorf.com\/hr\/wp-json\/wp\/v2\/media?parent=864"}],"wp:term":[{"taxonomy":"category","embeddable":true,"href":"https:\/\/filmfestivaldorf.com\/hr\/wp-json\/wp\/v2\/categories?post=864"},{"taxonomy":"post_tag","embeddable":true,"href":"https:\/\/filmfestivaldorf.com\/hr\/wp-json\/wp\/v2\/tags?post=864"}],"curies":[{"name":"wp","href":"https:\/\/api.w.org\/{rel}","templated":true}]}}