{"id":874,"date":"2017-08-16T16:01:51","date_gmt":"2017-08-16T16:01:51","guid":{"rendered":"https:\/\/filmfestivaldorf.com\/hr\/?p=874"},"modified":"2020-05-23T16:02:54","modified_gmt":"2020-05-23T16:02:54","slug":"off-dorf-vinkovci-2017","status":"publish","type":"post","link":"https:\/\/filmfestivaldorf.com\/hr\/2017\/08\/16\/off-dorf-vinkovci-2017\/","title":{"rendered":"OFF DORF VINKOVCI 2017"},"content":{"rendered":"<figure class=\"featured-media\">\n<div class=\"featured-media-inner section-inner\"><img loading=\"lazy\" class=\"attachment-post-thumbnail size-post-thumbnail wp-post-image\" src=\"https:\/\/filmfestivaldorf.com\/hrv\/wp-content\/uploads\/2017\/05\/grobenski.jpg\" sizes=\"(max-width: 710px) 100vw, 710px\" srcset=\"https:\/\/filmfestivaldorf.com\/hrv\/wp-content\/uploads\/2017\/05\/grobenski.jpg 710w, https:\/\/filmfestivaldorf.com\/hrv\/wp-content\/uploads\/2017\/05\/grobenski-300x203.jpg 300w\" alt=\"\" width=\"710\" height=\"480\" \/><\/div>\n<\/figure>\n<div class=\"post-inner thin \">\n<div class=\"entry-content\">\n<p>Nakon petodnevnog programa u Primo\u0161tenu, organiziranog 5.-9.8. u suradnji sa glazbenim festivalom SuperUho, nastavak ovogodi\u0161njeg DORF izdanja odr\u017eat \u0107e se\u00a0<strong>24.-26.8.\u00a0<\/strong><strong>u<\/strong>\u00a0<strong>Galeriji fotografija Meraja<\/strong>, staroj romani\u010dkoj crkvi Sv.Ilije, u centru Vinkovaca.<\/p>\n<p>Kao uvod u DORF program, organizirano je otvaranje izlo\u017ebe fotografija\u00a0<strong>Marija Grobenskog<\/strong>, iz Koprivnice. U Galeriji fotografije Meraja u utorak, 22.8. s po\u010detkom u 19:30 sati pogledajte njegove koncertne fotografije i radove iz kultnog ciklusa \u201eHouse where nobody lives\u201c.<\/p>\n<p>Prvog dana programa, 24.8. nakon projekcije filma Florian, o 3 mlada underground autora, jedan od njih nastupit \u0107e poslije projekcije \u2013 ne propustite premijerni vinkova\u010dki nastup zanimljivog dueta\u00a0<strong>Ma\u010dkodlak.<\/strong><\/p>\n<p>U Vinkovcima \u0107e DORF nagradu za \u017eivotno djelo u subotu 26.8. primiti\u00a0\u00a0<strong>Dubravko Matakovi\u0107<\/strong>. Autor svih DORF 2017 nagrada je\u00a0<strong>Miro \u017dupa<\/strong>\u00a0iz Splita<\/p>\n<p>Podsje\u0107amo, 11.DORF plakat je djelo\u00a0<strong>Miroslava Sekuli\u0107a Struje<\/strong>, iz Zagreba. Autori 11.DORF jinglea su\u00a0<strong>Martin Peranovi\u0107<\/strong>\u00a0i\u00a0<strong>Ivan Radovi\u0107<\/strong>.<\/p>\n<p>Festival DORF 2017 odr\u017eava se pod pokroviteljstvom Hrvatskog audiovizualnog centra, Grada Vinkovaca i Vukovarsko-srijemske \u017eupanije. Zahvaljujemo se Foto klubu Vinkovci na suradnji.<\/p>\n<\/div>\n<\/div>\n","protected":false},"excerpt":{"rendered":"<p>Nakon petodnevnog programa u Primo\u0161tenu, organiziranog 5.-9.8. u suradnji sa glazbenim festivalom SuperUho, nastavak ovogodi\u0161njeg DORF izdanja odr\u017eat \u0107e se\u00a024.-26.8.\u00a0u\u00a0Galeriji fotografija Meraja, staroj romani\u010dkoj crkvi Sv.Ilije, u centru Vinkovaca. Kao uvod u DORF program, organizirano je otvaranje izlo\u017ebe fotografija\u00a0Marija Grobenskog, iz Koprivnice. U Galeriji fotografije Meraja u utorak, 22.8. s po\u010detkom u 19:30 sati pogledajte [&#8230;]\n","protected":false},"author":1,"featured_media":0,"comment_status":"closed","ping_status":"closed","sticky":false,"template":"","format":"standard","meta":{"_monsterinsights_skip_tracking":false,"_monsterinsights_sitenote_active":false,"_monsterinsights_sitenote_note":"","_monsterinsights_sitenote_category":0,"_links_to":"","_links_to_target":""},"categories":[1],"tags":[],"aioseo_notices":[],"_links":{"self":[{"href":"https:\/\/filmfestivaldorf.com\/hr\/wp-json\/wp\/v2\/posts\/874"}],"collection":[{"href":"https:\/\/filmfestivaldorf.com\/hr\/wp-json\/wp\/v2\/posts"}],"about":[{"href":"https:\/\/filmfestivaldorf.com\/hr\/wp-json\/wp\/v2\/types\/post"}],"author":[{"embeddable":true,"href":"https:\/\/filmfestivaldorf.com\/hr\/wp-json\/wp\/v2\/users\/1"}],"replies":[{"embeddable":true,"href":"https:\/\/filmfestivaldorf.com\/hr\/wp-json\/wp\/v2\/comments?post=874"}],"version-history":[{"count":1,"href":"https:\/\/filmfestivaldorf.com\/hr\/wp-json\/wp\/v2\/posts\/874\/revisions"}],"predecessor-version":[{"id":875,"href":"https:\/\/filmfestivaldorf.com\/hr\/wp-json\/wp\/v2\/posts\/874\/revisions\/875"}],"wp:attachment":[{"href":"https:\/\/filmfestivaldorf.com\/hr\/wp-json\/wp\/v2\/media?parent=874"}],"wp:term":[{"taxonomy":"category","embeddable":true,"href":"https:\/\/filmfestivaldorf.com\/hr\/wp-json\/wp\/v2\/categories?post=874"},{"taxonomy":"post_tag","embeddable":true,"href":"https:\/\/filmfestivaldorf.com\/hr\/wp-json\/wp\/v2\/tags?post=874"}],"curies":[{"name":"wp","href":"https:\/\/api.w.org\/{rel}","templated":true}]}}