{"id":876,"date":"2017-08-16T16:03:24","date_gmt":"2017-08-16T16:03:24","guid":{"rendered":"https:\/\/filmfestivaldorf.com\/hr\/?p=876"},"modified":"2020-05-23T16:05:31","modified_gmt":"2020-05-23T16:05:31","slug":"5-anticke-filmske-veceri-21-23-8","status":"publish","type":"post","link":"https:\/\/filmfestivaldorf.com\/hr\/2017\/08\/16\/5-anticke-filmske-veceri-21-23-8\/","title":{"rendered":"5.ANTI\u010cKE FILMSKE VE\u010cERI 21-23.8."},"content":{"rendered":"<figure class=\"featured-media\">\n<div class=\"featured-media-inner section-inner\"><img loading=\"lazy\" class=\"attachment-post-thumbnail size-post-thumbnail wp-post-image\" src=\"https:\/\/filmfestivaldorf.com\/hrv\/wp-content\/uploads\/2017\/07\/Screen-Shot-2016-11-14-at-14.27.27-640x427-Copy.png\" sizes=\"(max-width: 710px) 100vw, 710px\" srcset=\"https:\/\/filmfestivaldorf.com\/hrv\/wp-content\/uploads\/2017\/07\/Screen-Shot-2016-11-14-at-14.27.27-640x427-Copy.png 710w, https:\/\/filmfestivaldorf.com\/hrv\/wp-content\/uploads\/2017\/07\/Screen-Shot-2016-11-14-at-14.27.27-640x427-Copy-300x203.png 300w\" alt=\"\" width=\"710\" height=\"480\" \/><\/div>\n<\/figure>\n<div class=\"post-inner thin \">\n<div class=\"entry-content\">\n<p>Kao uvod u 11.DORF organiziran je i program jubilarnih 5.Anti\u010dkih filmskih ve\u010deri, 21.-23.8. u lapidariju Gradskog muzeja Vinkovci. Tako \u0107e u prekrasnom lapidariju Gradskog muzeja Vinkovci ljubitelji filma mo\u0107i pogledati vinkova\u010dku premijeru filma\u00a0<strong>\u201eDan oslobo\u0111enja\u201c<\/strong>\u00a0Mortena Traavika, uzbudljivi film o legendarnom koncertu kontroverznog slovenskog sastava\u00a0<strong>Laibach<\/strong>\u00a0u Sjev.Koreji.<\/p>\n<p>Jubilarno izdanje posve\u0107eno je sportu i to \u0161ahu i nogometu, te \u0107e uz projekcije filmova biti organizirani razgovori sa svjedocima blistave vinkova\u010dke pro\u0161losti.\u00a0<strong>Pero Senti\u0107<\/strong>, vinkova\u010dki zaljubljenik u \u0161ah i autor nekoliko knjiga o \u0161ahu vratit \u0107e nas u vrijeme kraja 1960-ih, kada je u Vinkovcima boravio slavni genijalac Bobby Fischer, kao uvod u projekciju filma. Dan poslije \u0107emo se prisjetiti najva\u017enijeg datuma u povijesti vinkova\u010dkog nogometa \u2013 6.lipnja 1982 i mitskog dvoboja Dinama i \u010celika, te ulaska u Prvu ligu tada\u0161nje dr\u017eave, uz\u00a0<strong>Darka Stojanovi\u0107a<\/strong>\u00a0autora dokumentarnog filma i njegove goste.<\/p>\n<p>Osim projekcija dokumentarnih filmova, posjetitelji \u0107e se mo\u0107i zabaviti uz filmski kviz, dvodnevnu filmsku radionicu i predavanje o najnovijim arheolo\u0161kim otkri\u0107ima u Vinkovcima.<\/p>\n<p>5.Anti\u010dke filmske ve\u010deri u Vinkovcima organizira Udruga ljubitelja filma \u2018Rare\u2019 iz Vinkovaca, uz potporu Grada Vinkovaca, Gradskog muzeja Vinkovci i Hrvatskog audiovizualnog centra.<\/p>\n<p><strong>5.ANTI\u010cKE FILMSKE VE\u010cERI<\/strong><br \/>\n21.8. (ponedjeljak)<br \/>\nPREDAVANJE Gradski muzej Vinkovci@19:30 sati<br \/>\nSVE\u010cANO OTVORENJE@20:30<br \/>\nPRI\u010cA O BOBBY FISCHERU U VINKOVCIMA (razgovor)@20:40<br \/>\n\/projekcija dokumentarnog filma<\/p>\n<p>22.8. (utorak)<br \/>\nFILMSKA RADIONICA@18:00-19:30<br \/>\nNOGOMETNA 1982. U VINKOVCIMA (razgovor)@20:30 sati<br \/>\n\/projekcija dokumentarnog filma \u201cVinkovci, 6.lipnja 1982\u201d Darka Stojanovi\u0107a \u2013 Stoje<\/p>\n<p>23.8. (srijeda)<br \/>\nFILMSKA RADIONICA@18:00-19:30<br \/>\nFILMSKI KVIZ@19:30 sati<br \/>\nDAN OSLOBO\u0110ENJA, dokumentarni film@20:30 sati<br \/>\n<a href=\"http:\/\/restartlabel.net\/o_filmu?id=209\" target=\"_blank\" rel=\"nofollow noopener noreferrer\">http:\/\/restartlabel.net\/<wbr \/>o_filmu?id=209<\/a><\/p>\n<p><a href=\"https:\/\/filmfestivaldorf.com\/hrv\/wp-content\/uploads\/2017\/08\/coverAFV2017-Copy.jpg\"><img loading=\"lazy\" class=\"alignnone size-medium wp-image-11555\" src=\"https:\/\/filmfestivaldorf.com\/hrv\/wp-content\/uploads\/2017\/08\/coverAFV2017-Copy-300x180.jpg\" sizes=\"(max-width: 300px) 100vw, 300px\" srcset=\"https:\/\/filmfestivaldorf.com\/hrv\/wp-content\/uploads\/2017\/08\/coverAFV2017-Copy-300x180.jpg 300w, https:\/\/filmfestivaldorf.com\/hrv\/wp-content\/uploads\/2017\/08\/coverAFV2017-Copy.jpg 526w\" alt=\"\" width=\"300\" height=\"180\" \/><\/a><\/p>\n<\/div>\n<\/div>\n","protected":false},"excerpt":{"rendered":"<p>Kao uvod u 11.DORF organiziran je i program jubilarnih 5.Anti\u010dkih filmskih ve\u010deri, 21.-23.8. u lapidariju Gradskog muzeja Vinkovci. Tako \u0107e u prekrasnom lapidariju Gradskog muzeja Vinkovci ljubitelji filma mo\u0107i pogledati vinkova\u010dku premijeru filma\u00a0\u201eDan oslobo\u0111enja\u201c\u00a0Mortena Traavika, uzbudljivi film o legendarnom koncertu kontroverznog slovenskog sastava\u00a0Laibach\u00a0u Sjev.Koreji. Jubilarno izdanje posve\u0107eno je sportu i to \u0161ahu i nogometu, te [&#8230;]\n","protected":false},"author":1,"featured_media":0,"comment_status":"closed","ping_status":"closed","sticky":false,"template":"","format":"standard","meta":{"_monsterinsights_skip_tracking":false,"_monsterinsights_sitenote_active":false,"_monsterinsights_sitenote_note":"","_monsterinsights_sitenote_category":0,"_links_to":"","_links_to_target":""},"categories":[1],"tags":[],"aioseo_notices":[],"_links":{"self":[{"href":"https:\/\/filmfestivaldorf.com\/hr\/wp-json\/wp\/v2\/posts\/876"}],"collection":[{"href":"https:\/\/filmfestivaldorf.com\/hr\/wp-json\/wp\/v2\/posts"}],"about":[{"href":"https:\/\/filmfestivaldorf.com\/hr\/wp-json\/wp\/v2\/types\/post"}],"author":[{"embeddable":true,"href":"https:\/\/filmfestivaldorf.com\/hr\/wp-json\/wp\/v2\/users\/1"}],"replies":[{"embeddable":true,"href":"https:\/\/filmfestivaldorf.com\/hr\/wp-json\/wp\/v2\/comments?post=876"}],"version-history":[{"count":1,"href":"https:\/\/filmfestivaldorf.com\/hr\/wp-json\/wp\/v2\/posts\/876\/revisions"}],"predecessor-version":[{"id":877,"href":"https:\/\/filmfestivaldorf.com\/hr\/wp-json\/wp\/v2\/posts\/876\/revisions\/877"}],"wp:attachment":[{"href":"https:\/\/filmfestivaldorf.com\/hr\/wp-json\/wp\/v2\/media?parent=876"}],"wp:term":[{"taxonomy":"category","embeddable":true,"href":"https:\/\/filmfestivaldorf.com\/hr\/wp-json\/wp\/v2\/categories?post=876"},{"taxonomy":"post_tag","embeddable":true,"href":"https:\/\/filmfestivaldorf.com\/hr\/wp-json\/wp\/v2\/tags?post=876"}],"curies":[{"name":"wp","href":"https:\/\/api.w.org\/{rel}","templated":true}]}}