{"id":878,"date":"2017-08-12T16:05:50","date_gmt":"2017-08-12T16:05:50","guid":{"rendered":"https:\/\/filmfestivaldorf.com\/hr\/?p=878"},"modified":"2020-05-23T16:06:38","modified_gmt":"2020-05-23T16:06:38","slug":"11-dorf-u-vinkovcima-24-26-8","status":"publish","type":"post","link":"https:\/\/filmfestivaldorf.com\/hr\/2017\/08\/12\/11-dorf-u-vinkovcima-24-26-8\/","title":{"rendered":"11.DORF U VINKOVCIMA 24.-26.8."},"content":{"rendered":"<figure class=\"featured-media\">\n<div class=\"featured-media-inner section-inner\"><img loading=\"lazy\" class=\"attachment-post-thumbnail size-post-thumbnail wp-post-image\" src=\"https:\/\/filmfestivaldorf.com\/hrv\/wp-content\/uploads\/2017\/08\/2e0tht5-Copy.jpg\" sizes=\"(max-width: 710px) 100vw, 710px\" srcset=\"https:\/\/filmfestivaldorf.com\/hrv\/wp-content\/uploads\/2017\/08\/2e0tht5-Copy.jpg 710w, https:\/\/filmfestivaldorf.com\/hrv\/wp-content\/uploads\/2017\/08\/2e0tht5-Copy-300x203.jpg 300w\" alt=\"\" width=\"710\" height=\"480\" \/><\/div>\n<\/figure>\n<div class=\"post-inner thin \">\n<div class=\"entry-content\">\n<p>&nbsp;<\/p>\n<p>&nbsp;<\/p>\n<p>Nakon petodnevnog programa u Primo\u0161tenu, organiziranog 5.-9.8. u suradnji sa glazbenim festivalom SuperUho, nastavak ovogodi\u0161njeg DORF izdanja odr\u017eat \u0107e se\u00a0<strong>24.-26.8.\u00a0<\/strong><strong>u<\/strong>\u00a0<strong>Galeriji fotografija Meraja<\/strong>, staroj romani\u010dkoj crkvi Sv.Ilije, u centru Vinkovaca. Kao uvod, u Vinkovcima se 21.-23.8. odr\u017eavaju\u00a0<strong>5.Anti\u010dke filmske ve\u010deri<\/strong>\u00a0u Lapidariju Gradskog muzeja Vinkovci.<\/p>\n<p>U drugom DORF dijelu pripremljen je program u kojem posjetitelji mogu pogledati ukupno 9 projekcija glazbenih dokumentarnih filmova, uz gostovanja autora, progla\u0161enje najboljeg filma u regionalnoj konkurenciji i OFF DORF u kojem su izlo\u017eba fotografija, koncerti i nastup DJa.<\/p>\n<p>Kao uvod u DORF program, organizirano je otvaranje izlo\u017ebe fotografija\u00a0<strong>Marija Grobenskog<\/strong>, iz Koprivnice. U Galeriji fotografije Meraja u utorak, 22.8. s po\u010detkom u 19:30 sati pogledajte njegove koncertne fotografije i radove iz kultnog ciklusa \u201eHouse where nobody lives\u201c.<\/p>\n<p>Prvi dan programa \u2013 u \u010detvrtak 24.8. u Vinkovcima \u0107e u 20:00 sati biti prikazan film\u00a0<strong>\u201eGarage Rockin\u2019 Craze \u2013 Story of Tokyo garage punk\u201c<\/strong>, autora Marija \u010cu\u017ei\u0107a (Kanada), film \u201eDon\u2019t talk to me\u201c Pavla Kocanjera iz Karlovca, te sjajan kratki film\u00a0<strong>\u201eFlorian<\/strong>\u201c autora\u00a0 Darija Bukovskog iz Zagreba, o tri marginalca glazbenika i njihovim snovima. Jedan od njih nastupit \u0107e poslije projekcije \u2013 ne propustite premijerni vinkova\u010dki nastup zanimljivog dueta\u00a0<strong>Ma\u010dkodlak.<\/strong><\/p>\n<p>Drugi dan na programu su filmovi o prvom albumu kultnog slovenskog sastava Buldo\u017eer\u00a0<strong>\u201ePljuni istini u o\u010di\u201c<\/strong>\u00a0autorice Varje Mo\u010dnik, te novi film Ljiljane \u0160i\u0161manovi\u0107\u00a0<strong>\u201eNeuspje\u0161an skroz\u201c<\/strong>, o kantautoru Electric \u017daretu. U programu regionalne selekcije nalaze se i filmovi\u00a0<strong>\u201eMlada nada\u201c<\/strong>, o kultnom slovenskom klubu MKN\u017d iz Ilirske Bistrice, te film \u201e<strong>Pijana ulica\u201c<\/strong>\u00a0Marina Lukanovi\u0107a o rije\u010dkoj ulici.<\/p>\n<p>Tre\u0107i dan na programu je zanimljiv film\u00a0<strong>\u201eCharlatan Magnifique\u201c<\/strong>\u00a0o slovenskom autoru Magnificu, glazbeniku i autoru glazbe za filmske megahitove, te na samom kraju ekskluzivna projekcija epizode novog serijala \u201e<strong>Borderland soundtrack<\/strong>\u201c autorice Brankice Dra\u0161kovi\u0107 \u2013 inspiriranog knjigom \u201eSedma republika\u201c velikog DORF prijatelja\u00a0<strong>Ante Perkovi\u0107a<\/strong>, kojem je posve\u0107eno ovogodi\u0161nje festivalsko izdanje.<\/p>\n<p>\u017diri u sastavu\u00a0<strong>Dubravko Jagati\u0107, \u017deljka Kova\u010devi\u0107 i Kand\u017eija\u00a0<\/strong>objaviti \u0107e kome \u0107e pripasti 11.DORF nagrada, koju je izradio sjajni\u00a0<strong>Miro \u017dupa<\/strong>\u00a0iz Splita.<\/p>\n<p>Tako\u0111er, u Vinkovcima \u0107e DORF nagradu za \u017eivotno djelo primiti\u00a0\u00a0<strong>Dubravko Matakovi\u0107<\/strong>.<\/p>\n<p>Podsje\u0107amo, 11.DORF plakat je djelo\u00a0<strong>Miroslava Sekuli\u0107a Struje<\/strong>, iz Zagreba. Autori 11.DORF jinglea su Martin Peranovi\u0107 i Ivan Radovi\u0107.<\/p>\n<p>Festival DORF 2017 odr\u017eava se pod pokroviteljstvom Hrvatskog audiovizualnog centra, Grada Vinkovaca i Vukovarsko-srijemske \u017eupanije. Zahvaljujemo se Foto klubu Vinkovci na suradnji.<\/p>\n<p>&nbsp;<\/p>\n<p><strong>Ulaz na sve programe je slobodan.<\/strong><\/p>\n<p><strong>11.FESTIVAL DOKUMENTARNOG ROCK FILMA DORF@Galerija fotografije Meraja<\/strong><\/p>\n<p><strong>22.8. (utorak)<\/strong><br \/>\n19:30 sati OTVORENJE IZLO\u017dBE FOTOGRAFIJA MARIJA GROBENSKOG<\/p>\n<p><strong>24.8. (\u010detvrtak)<\/strong><br \/>\n20:00 Garage rockin\u2019 craze \u2013 Tokyo garage punk \/\/<br \/>\n21:30 Don\u2019t talk to me \/\/ Florian<br \/>\n+Koncert Ma\u010dkodlak<\/p>\n<p><strong>25.8. (petak)<\/strong><br \/>\n20:00 Mlada nada \/\/ Pijana ulica<br \/>\n21:30 Buldo\u017eer \u2013 Pljuni istini u o\u010di \/\/ Neuspje\u0161an skroz<\/p>\n<p><strong>26.8. (subota)<\/strong><br \/>\n20:00 Charlatan Magnifique \/\/<br \/>\n21:30 Borderland soundtrack\/\/<br \/>\n22:30 progla\u0161enje pobjednika 11.DORF i dodjela nagrade za \u017eivotno djelo Dubravku Matakovi\u0107u<br \/>\n+ AFTER \u2013 Na\u0161a stvar open air party<\/p>\n<\/div>\n<\/div>\n<div class=\"section-inner\">\n<div class=\"post-meta-wrapper post-meta-edit-link-wrapper\">\n<ul class=\"post-meta\">\n<li class=\"post-edit meta-wrapper\"><\/li>\n<\/ul>\n<\/div>\n<\/div>\n","protected":false},"excerpt":{"rendered":"<p>&nbsp; &nbsp; Nakon petodnevnog programa u Primo\u0161tenu, organiziranog 5.-9.8. u suradnji sa glazbenim festivalom SuperUho, nastavak ovogodi\u0161njeg DORF izdanja odr\u017eat \u0107e se\u00a024.-26.8.\u00a0u\u00a0Galeriji fotografija Meraja, staroj romani\u010dkoj crkvi Sv.Ilije, u centru Vinkovaca. Kao uvod, u Vinkovcima se 21.-23.8. odr\u017eavaju\u00a05.Anti\u010dke filmske ve\u010deri\u00a0u Lapidariju Gradskog muzeja Vinkovci. U drugom DORF dijelu pripremljen je program u kojem posjetitelji mogu [&#8230;]\n","protected":false},"author":1,"featured_media":0,"comment_status":"closed","ping_status":"closed","sticky":false,"template":"","format":"standard","meta":{"_monsterinsights_skip_tracking":false,"_monsterinsights_sitenote_active":false,"_monsterinsights_sitenote_note":"","_monsterinsights_sitenote_category":0,"_links_to":"","_links_to_target":""},"categories":[1],"tags":[],"aioseo_notices":[],"_links":{"self":[{"href":"https:\/\/filmfestivaldorf.com\/hr\/wp-json\/wp\/v2\/posts\/878"}],"collection":[{"href":"https:\/\/filmfestivaldorf.com\/hr\/wp-json\/wp\/v2\/posts"}],"about":[{"href":"https:\/\/filmfestivaldorf.com\/hr\/wp-json\/wp\/v2\/types\/post"}],"author":[{"embeddable":true,"href":"https:\/\/filmfestivaldorf.com\/hr\/wp-json\/wp\/v2\/users\/1"}],"replies":[{"embeddable":true,"href":"https:\/\/filmfestivaldorf.com\/hr\/wp-json\/wp\/v2\/comments?post=878"}],"version-history":[{"count":1,"href":"https:\/\/filmfestivaldorf.com\/hr\/wp-json\/wp\/v2\/posts\/878\/revisions"}],"predecessor-version":[{"id":879,"href":"https:\/\/filmfestivaldorf.com\/hr\/wp-json\/wp\/v2\/posts\/878\/revisions\/879"}],"wp:attachment":[{"href":"https:\/\/filmfestivaldorf.com\/hr\/wp-json\/wp\/v2\/media?parent=878"}],"wp:term":[{"taxonomy":"category","embeddable":true,"href":"https:\/\/filmfestivaldorf.com\/hr\/wp-json\/wp\/v2\/categories?post=878"},{"taxonomy":"post_tag","embeddable":true,"href":"https:\/\/filmfestivaldorf.com\/hr\/wp-json\/wp\/v2\/tags?post=878"}],"curies":[{"name":"wp","href":"https:\/\/api.w.org\/{rel}","templated":true}]}}