{"id":880,"date":"2017-08-11T16:07:02","date_gmt":"2017-08-11T16:07:02","guid":{"rendered":"https:\/\/filmfestivaldorf.com\/hr\/?p=880"},"modified":"2020-05-23T16:07:38","modified_gmt":"2020-05-23T16:07:38","slug":"zavrsio-uvodni-dorf-u-primostenu","status":"publish","type":"post","link":"https:\/\/filmfestivaldorf.com\/hr\/2017\/08\/11\/zavrsio-uvodni-dorf-u-primostenu\/","title":{"rendered":"ZAVR\u0160IO UVODNI DORF U PRIMO\u0160TENU"},"content":{"rendered":"<figure class=\"featured-media\">\n<div class=\"featured-media-inner section-inner\"><img loading=\"lazy\" class=\"attachment-post-thumbnail size-post-thumbnail wp-post-image\" src=\"https:\/\/filmfestivaldorf.com\/hrv\/wp-content\/uploads\/2017\/08\/su15-Copy.jpg\" sizes=\"(max-width: 710px) 100vw, 710px\" srcset=\"https:\/\/filmfestivaldorf.com\/hrv\/wp-content\/uploads\/2017\/08\/su15-Copy.jpg 710w, https:\/\/filmfestivaldorf.com\/hrv\/wp-content\/uploads\/2017\/08\/su15-Copy-300x203.jpg 300w\" alt=\"\" width=\"710\" height=\"480\" \/><\/div>\n<\/figure>\n<div class=\"post-inner thin \">\n<div class=\"entry-content\">\n<p>10.August 2017<\/p>\n<p>Nakon 5 ve\u010deri filmskih dru\u017eenja u Primo\u0161tenu, na prekrasnoj lokaciji uz pla\u017eu \u2013 zavr\u0161io je prvi dio ovogodi\u0161njeg DORF festivala. Odr\u017ean je dvodnevni glazbeno-filmski kviz pod vodstvom Marija Kova\u010da, postavljeni su (i poneseni ku\u0107ama:-)) plakati Mire \u017dupe, dodijeljena je nagrada za doprinos undergroundu Damiru Bartolu Indo\u0161u, te prikazano 10 filmova. Premijerno smo gledali i razgovarali sa autorima u le\u017ealjkama i uz cvr\u010dke.<\/p>\n<p>Zahvaljujemo svima koji su bili s nama i radujemo se nastavku slijede\u0107e ljeto, uz neke novitete i dodatne sadr\u017eaje.<\/p>\n<p>Galeriju fotografija iz Primo\u0161tena\u00a0pogledajte OVDJE<\/p>\n<div id=\"gallery-1\" class=\"gallery galleryid-11517 gallery-columns-3 gallery-size-thumbnail\">\n<figure class=\"gallery-item\">\n<div class=\"gallery-icon landscape\"><a href=\"https:\/\/filmfestivaldorf.com\/hrv\/2017\/08\/11\/zavrsio-uvodni-dorf-u-primostenu\/bic2\/\"><img loading=\"lazy\" class=\"attachment-thumbnail size-thumbnail\" src=\"https:\/\/filmfestivaldorf.com\/hrv\/wp-content\/uploads\/2017\/08\/bic2-150x150.jpg\" alt=\"\" width=\"150\" height=\"150\" \/><\/a><\/div>\n<\/figure>\n<figure class=\"gallery-item\">\n<div class=\"gallery-icon portrait\"><a href=\"https:\/\/filmfestivaldorf.com\/hrv\/2017\/08\/11\/zavrsio-uvodni-dorf-u-primostenu\/brankica\/\"><img loading=\"lazy\" class=\"attachment-thumbnail size-thumbnail\" src=\"https:\/\/filmfestivaldorf.com\/hrv\/wp-content\/uploads\/2017\/08\/brankica-150x150.jpg\" alt=\"\" width=\"150\" height=\"150\" \/><\/a><\/div>\n<\/figure>\n<figure class=\"gallery-item\">\n<div class=\"gallery-icon landscape\"><a href=\"https:\/\/filmfestivaldorf.com\/hrv\/2017\/08\/11\/zavrsio-uvodni-dorf-u-primostenu\/brankica2\/\"><img loading=\"lazy\" class=\"attachment-thumbnail size-thumbnail\" src=\"https:\/\/filmfestivaldorf.com\/hrv\/wp-content\/uploads\/2017\/08\/brankica2-150x150.jpg\" alt=\"\" width=\"150\" height=\"150\" \/><\/a><\/div>\n<\/figure>\n<figure class=\"gallery-item\">\n<div class=\"gallery-icon landscape\"><a href=\"https:\/\/filmfestivaldorf.com\/hrv\/2017\/08\/11\/zavrsio-uvodni-dorf-u-primostenu\/brecelj\/\"><img loading=\"lazy\" class=\"attachment-thumbnail size-thumbnail\" src=\"https:\/\/filmfestivaldorf.com\/hrv\/wp-content\/uploads\/2017\/08\/brecelj-150x150.jpg\" alt=\"\" width=\"150\" height=\"150\" \/><\/a><\/div>\n<\/figure>\n<figure class=\"gallery-item\">\n<div class=\"gallery-icon landscape\"><a href=\"https:\/\/filmfestivaldorf.com\/hrv\/2017\/08\/11\/zavrsio-uvodni-dorf-u-primostenu\/ljiljana\/\"><img loading=\"lazy\" class=\"attachment-thumbnail size-thumbnail\" src=\"https:\/\/filmfestivaldorf.com\/hrv\/wp-content\/uploads\/2017\/08\/ljiljana-150x150.jpg\" alt=\"\" width=\"150\" height=\"150\" \/><\/a><\/div>\n<\/figure>\n<figure class=\"gallery-item\">\n<div class=\"gallery-icon portrait\"><a href=\"https:\/\/filmfestivaldorf.com\/hrv\/2017\/08\/11\/zavrsio-uvodni-dorf-u-primostenu\/pino1\/\"><img loading=\"lazy\" class=\"attachment-thumbnail size-thumbnail\" src=\"https:\/\/filmfestivaldorf.com\/hrv\/wp-content\/uploads\/2017\/08\/pino1-150x150.jpg\" alt=\"\" width=\"150\" height=\"150\" \/><\/a><\/div>\n<\/figure>\n<figure class=\"gallery-item\">\n<div class=\"gallery-icon portrait\"><a href=\"https:\/\/filmfestivaldorf.com\/hrv\/2017\/08\/11\/zavrsio-uvodni-dorf-u-primostenu\/pino2\/\"><img loading=\"lazy\" class=\"attachment-thumbnail size-thumbnail\" src=\"https:\/\/filmfestivaldorf.com\/hrv\/wp-content\/uploads\/2017\/08\/pino2-150x150.jpg\" alt=\"\" width=\"150\" height=\"150\" \/><\/a><\/div>\n<\/figure>\n<figure class=\"gallery-item\">\n<div class=\"gallery-icon landscape\"><a href=\"https:\/\/filmfestivaldorf.com\/hrv\/2017\/08\/11\/zavrsio-uvodni-dorf-u-primostenu\/sparklehorse-2\/\"><img loading=\"lazy\" class=\"attachment-thumbnail size-thumbnail\" src=\"https:\/\/filmfestivaldorf.com\/hrv\/wp-content\/uploads\/2017\/08\/sparklehorse-150x150.jpg\" alt=\"\" width=\"150\" height=\"150\" \/><\/a><\/div>\n<\/figure>\n<figure class=\"gallery-item\">\n<div class=\"gallery-icon landscape\"><a href=\"https:\/\/filmfestivaldorf.com\/hrv\/2017\/08\/11\/zavrsio-uvodni-dorf-u-primostenu\/su1\/\"><img loading=\"lazy\" class=\"attachment-thumbnail size-thumbnail\" src=\"https:\/\/filmfestivaldorf.com\/hrv\/wp-content\/uploads\/2017\/08\/su1-150x150.jpg\" alt=\"\" width=\"150\" height=\"150\" \/><\/a><\/div>\n<\/figure>\n<figure class=\"gallery-item\">\n<div class=\"gallery-icon landscape\"><a href=\"https:\/\/filmfestivaldorf.com\/hrv\/2017\/08\/11\/zavrsio-uvodni-dorf-u-primostenu\/su2\/\"><img loading=\"lazy\" class=\"attachment-thumbnail size-thumbnail\" src=\"https:\/\/filmfestivaldorf.com\/hrv\/wp-content\/uploads\/2017\/08\/su2-150x150.jpg\" alt=\"\" width=\"150\" height=\"150\" \/><\/a><\/div>\n<\/figure>\n<figure class=\"gallery-item\">\n<div class=\"gallery-icon landscape\"><a href=\"https:\/\/filmfestivaldorf.com\/hrv\/2017\/08\/11\/zavrsio-uvodni-dorf-u-primostenu\/su3\/\"><img loading=\"lazy\" class=\"attachment-thumbnail size-thumbnail\" src=\"https:\/\/filmfestivaldorf.com\/hrv\/wp-content\/uploads\/2017\/08\/su3-150x150.jpg\" alt=\"\" width=\"150\" height=\"150\" \/><\/a><\/div>\n<\/figure>\n<figure class=\"gallery-item\">\n<div class=\"gallery-icon landscape\"><a href=\"https:\/\/filmfestivaldorf.com\/hrv\/2017\/08\/11\/zavrsio-uvodni-dorf-u-primostenu\/su5\/\"><img loading=\"lazy\" class=\"attachment-thumbnail size-thumbnail\" src=\"https:\/\/filmfestivaldorf.com\/hrv\/wp-content\/uploads\/2017\/08\/su5-150x150.jpg\" alt=\"\" width=\"150\" height=\"150\" \/><\/a><\/div>\n<\/figure>\n<figure class=\"gallery-item\">\n<div class=\"gallery-icon landscape\"><a href=\"https:\/\/filmfestivaldorf.com\/hrv\/2017\/08\/11\/zavrsio-uvodni-dorf-u-primostenu\/su6\/\"><img loading=\"lazy\" class=\"attachment-thumbnail size-thumbnail\" src=\"https:\/\/filmfestivaldorf.com\/hrv\/wp-content\/uploads\/2017\/08\/su6-150x150.jpg\" alt=\"\" width=\"150\" height=\"150\" \/><\/a><\/div>\n<\/figure>\n<figure class=\"gallery-item\">\n<div class=\"gallery-icon landscape\"><a href=\"https:\/\/filmfestivaldorf.com\/hrv\/2017\/08\/11\/zavrsio-uvodni-dorf-u-primostenu\/su7\/\"><img loading=\"lazy\" class=\"attachment-thumbnail size-thumbnail\" src=\"https:\/\/filmfestivaldorf.com\/hrv\/wp-content\/uploads\/2017\/08\/su7-150x150.jpg\" alt=\"\" width=\"150\" height=\"150\" \/><\/a><\/div>\n<\/figure>\n<figure class=\"gallery-item\">\n<div class=\"gallery-icon landscape\"><a href=\"https:\/\/filmfestivaldorf.com\/hrv\/2017\/08\/11\/zavrsio-uvodni-dorf-u-primostenu\/su8\/\"><img loading=\"lazy\" class=\"attachment-thumbnail size-thumbnail\" src=\"https:\/\/filmfestivaldorf.com\/hrv\/wp-content\/uploads\/2017\/08\/su8-150x150.jpg\" alt=\"\" width=\"150\" height=\"150\" \/><\/a><\/div>\n<\/figure>\n<figure class=\"gallery-item\">\n<div class=\"gallery-icon landscape\"><a href=\"https:\/\/filmfestivaldorf.com\/hrv\/2017\/08\/11\/zavrsio-uvodni-dorf-u-primostenu\/su9\/\"><img loading=\"lazy\" class=\"attachment-thumbnail size-thumbnail\" src=\"https:\/\/filmfestivaldorf.com\/hrv\/wp-content\/uploads\/2017\/08\/su9-150x150.jpg\" alt=\"\" width=\"150\" height=\"150\" \/><\/a><\/div>\n<\/figure>\n<figure class=\"gallery-item\">\n<div class=\"gallery-icon portrait\"><a href=\"https:\/\/filmfestivaldorf.com\/hrv\/2017\/08\/11\/zavrsio-uvodni-dorf-u-primostenu\/su10\/\"><img loading=\"lazy\" class=\"attachment-thumbnail size-thumbnail\" src=\"https:\/\/filmfestivaldorf.com\/hrv\/wp-content\/uploads\/2017\/08\/su10-150x150.jpg\" alt=\"\" width=\"150\" height=\"150\" \/><\/a><\/div>\n<\/figure>\n<figure class=\"gallery-item\">\n<div class=\"gallery-icon landscape\"><a href=\"https:\/\/filmfestivaldorf.com\/hrv\/2017\/08\/11\/zavrsio-uvodni-dorf-u-primostenu\/su11\/\"><img loading=\"lazy\" class=\"attachment-thumbnail size-thumbnail\" src=\"https:\/\/filmfestivaldorf.com\/hrv\/wp-content\/uploads\/2017\/08\/su11-150x150.jpg\" alt=\"\" width=\"150\" height=\"150\" \/><\/a><\/div>\n<\/figure>\n<figure class=\"gallery-item\">\n<div class=\"gallery-icon landscape\"><a href=\"https:\/\/filmfestivaldorf.com\/hrv\/2017\/08\/11\/zavrsio-uvodni-dorf-u-primostenu\/su12\/\"><img loading=\"lazy\" class=\"attachment-thumbnail size-thumbnail\" src=\"https:\/\/filmfestivaldorf.com\/hrv\/wp-content\/uploads\/2017\/08\/su12-150x150.jpg\" alt=\"\" width=\"150\" height=\"150\" \/><\/a><\/div>\n<\/figure>\n<figure class=\"gallery-item\">\n<div class=\"gallery-icon landscape\"><a href=\"https:\/\/filmfestivaldorf.com\/hrv\/2017\/08\/11\/zavrsio-uvodni-dorf-u-primostenu\/su13\/\"><img loading=\"lazy\" class=\"attachment-thumbnail size-thumbnail\" src=\"https:\/\/filmfestivaldorf.com\/hrv\/wp-content\/uploads\/2017\/08\/su13-150x150.jpg\" alt=\"\" width=\"150\" height=\"150\" \/><\/a><\/div>\n<\/figure>\n<figure class=\"gallery-item\">\n<div class=\"gallery-icon landscape\"><a href=\"https:\/\/filmfestivaldorf.com\/hrv\/2017\/08\/11\/zavrsio-uvodni-dorf-u-primostenu\/su14\/\"><img loading=\"lazy\" class=\"attachment-thumbnail size-thumbnail\" src=\"https:\/\/filmfestivaldorf.com\/hrv\/wp-content\/uploads\/2017\/08\/su14-150x150.jpg\" alt=\"\" width=\"150\" height=\"150\" \/><\/a><\/div>\n<\/figure>\n<figure class=\"gallery-item\">\n<div class=\"gallery-icon landscape\"><a href=\"https:\/\/filmfestivaldorf.com\/hrv\/2017\/08\/11\/zavrsio-uvodni-dorf-u-primostenu\/su15\/\"><img loading=\"lazy\" class=\"attachment-thumbnail size-thumbnail\" src=\"https:\/\/filmfestivaldorf.com\/hrv\/wp-content\/uploads\/2017\/08\/su15-150x150.jpg\" alt=\"\" width=\"150\" height=\"150\" \/><\/a><\/div>\n<\/figure>\n<figure class=\"gallery-item\">\n<div class=\"gallery-icon landscape\"><a href=\"https:\/\/filmfestivaldorf.com\/hrv\/2017\/08\/11\/zavrsio-uvodni-dorf-u-primostenu\/su16\/\"><img loading=\"lazy\" class=\"attachment-thumbnail size-thumbnail\" src=\"https:\/\/filmfestivaldorf.com\/hrv\/wp-content\/uploads\/2017\/08\/su16-150x150.jpg\" alt=\"\" width=\"150\" height=\"150\" \/><\/a><\/div>\n<\/figure>\n<figure class=\"gallery-item\">\n<div class=\"gallery-icon landscape\"><a href=\"https:\/\/filmfestivaldorf.com\/hrv\/2017\/08\/11\/zavrsio-uvodni-dorf-u-primostenu\/su17\/\"><img loading=\"lazy\" class=\"attachment-thumbnail size-thumbnail\" src=\"https:\/\/filmfestivaldorf.com\/hrv\/wp-content\/uploads\/2017\/08\/su17-150x150.jpg\" alt=\"\" width=\"150\" height=\"150\" \/><\/a><\/div>\n<\/figure>\n<figure class=\"gallery-item\">\n<div class=\"gallery-icon landscape\"><a href=\"https:\/\/filmfestivaldorf.com\/hrv\/2017\/08\/11\/zavrsio-uvodni-dorf-u-primostenu\/su18\/\"><img loading=\"lazy\" class=\"attachment-thumbnail size-thumbnail\" src=\"https:\/\/filmfestivaldorf.com\/hrv\/wp-content\/uploads\/2017\/08\/su18-150x150.jpg\" alt=\"\" width=\"150\" height=\"150\" \/><\/a><\/div>\n<\/figure>\n<figure class=\"gallery-item\">\n<div class=\"gallery-icon landscape\"><a href=\"https:\/\/filmfestivaldorf.com\/hrv\/2017\/08\/11\/zavrsio-uvodni-dorf-u-primostenu\/su19\/\"><img loading=\"lazy\" class=\"attachment-thumbnail size-thumbnail\" src=\"https:\/\/filmfestivaldorf.com\/hrv\/wp-content\/uploads\/2017\/08\/su19-150x150.jpg\" alt=\"\" width=\"150\" height=\"150\" \/><\/a><\/div>\n<\/figure>\n<figure class=\"gallery-item\">\n<div class=\"gallery-icon landscape\"><a href=\"https:\/\/filmfestivaldorf.com\/hrv\/2017\/08\/11\/zavrsio-uvodni-dorf-u-primostenu\/su20\/\"><img loading=\"lazy\" class=\"attachment-thumbnail size-thumbnail\" src=\"https:\/\/filmfestivaldorf.com\/hrv\/wp-content\/uploads\/2017\/08\/su20-150x150.jpg\" alt=\"\" width=\"150\" height=\"150\" \/><\/a><\/div>\n<\/figure>\n<figure class=\"gallery-item\">\n<div class=\"gallery-icon portrait\"><a href=\"https:\/\/filmfestivaldorf.com\/hrv\/2017\/08\/11\/zavrsio-uvodni-dorf-u-primostenu\/su21\/\"><img loading=\"lazy\" class=\"attachment-thumbnail size-thumbnail\" src=\"https:\/\/filmfestivaldorf.com\/hrv\/wp-content\/uploads\/2017\/08\/su21-150x150.jpg\" alt=\"\" width=\"150\" height=\"150\" \/><\/a><\/div>\n<\/figure>\n<figure class=\"gallery-item\">\n<div class=\"gallery-icon landscape\"><a href=\"https:\/\/filmfestivaldorf.com\/hrv\/2017\/08\/11\/zavrsio-uvodni-dorf-u-primostenu\/20170806_215558\/\"><img loading=\"lazy\" class=\"attachment-thumbnail size-thumbnail\" src=\"https:\/\/filmfestivaldorf.com\/hrv\/wp-content\/uploads\/2017\/08\/20170806_215558-150x150.jpg\" alt=\"\" width=\"150\" height=\"150\" \/><\/a><\/div>\n<\/figure>\n<\/div>\n<\/div>\n<\/div>\n","protected":false},"excerpt":{"rendered":"<p>10.August 2017 Nakon 5 ve\u010deri filmskih dru\u017eenja u Primo\u0161tenu, na prekrasnoj lokaciji uz pla\u017eu \u2013 zavr\u0161io je prvi dio ovogodi\u0161njeg DORF festivala. Odr\u017ean je dvodnevni glazbeno-filmski kviz pod vodstvom Marija Kova\u010da, postavljeni su (i poneseni ku\u0107ama:-)) plakati Mire \u017dupe, dodijeljena je nagrada za doprinos undergroundu Damiru Bartolu Indo\u0161u, te prikazano 10 filmova. Premijerno smo gledali [&#8230;]\n","protected":false},"author":1,"featured_media":0,"comment_status":"closed","ping_status":"closed","sticky":false,"template":"","format":"standard","meta":{"_monsterinsights_skip_tracking":false,"_monsterinsights_sitenote_active":false,"_monsterinsights_sitenote_note":"","_monsterinsights_sitenote_category":0,"_links_to":"","_links_to_target":""},"categories":[1],"tags":[],"aioseo_notices":[],"_links":{"self":[{"href":"https:\/\/filmfestivaldorf.com\/hr\/wp-json\/wp\/v2\/posts\/880"}],"collection":[{"href":"https:\/\/filmfestivaldorf.com\/hr\/wp-json\/wp\/v2\/posts"}],"about":[{"href":"https:\/\/filmfestivaldorf.com\/hr\/wp-json\/wp\/v2\/types\/post"}],"author":[{"embeddable":true,"href":"https:\/\/filmfestivaldorf.com\/hr\/wp-json\/wp\/v2\/users\/1"}],"replies":[{"embeddable":true,"href":"https:\/\/filmfestivaldorf.com\/hr\/wp-json\/wp\/v2\/comments?post=880"}],"version-history":[{"count":1,"href":"https:\/\/filmfestivaldorf.com\/hr\/wp-json\/wp\/v2\/posts\/880\/revisions"}],"predecessor-version":[{"id":881,"href":"https:\/\/filmfestivaldorf.com\/hr\/wp-json\/wp\/v2\/posts\/880\/revisions\/881"}],"wp:attachment":[{"href":"https:\/\/filmfestivaldorf.com\/hr\/wp-json\/wp\/v2\/media?parent=880"}],"wp:term":[{"taxonomy":"category","embeddable":true,"href":"https:\/\/filmfestivaldorf.com\/hr\/wp-json\/wp\/v2\/categories?post=880"},{"taxonomy":"post_tag","embeddable":true,"href":"https:\/\/filmfestivaldorf.com\/hr\/wp-json\/wp\/v2\/tags?post=880"}],"curies":[{"name":"wp","href":"https:\/\/api.w.org\/{rel}","templated":true}]}}