{"id":886,"date":"2017-07-18T16:27:05","date_gmt":"2017-07-18T16:27:05","guid":{"rendered":"https:\/\/filmfestivaldorf.com\/hr\/?p=886"},"modified":"2020-05-23T16:27:43","modified_gmt":"2020-05-23T16:27:43","slug":"filmski-tjedan-u-vinkovcima-2","status":"publish","type":"post","link":"https:\/\/filmfestivaldorf.com\/hr\/2017\/07\/18\/filmski-tjedan-u-vinkovcima-2\/","title":{"rendered":"FILMSKI TJEDAN U VINKOVCIMA"},"content":{"rendered":"<figure class=\"featured-media\">\n<div class=\"featured-media-inner section-inner medium\"><img loading=\"lazy\" class=\"attachment-post-thumbnail size-post-thumbnail wp-post-image\" src=\"https:\/\/filmfestivaldorf.com\/hrv\/wp-content\/uploads\/2017\/07\/Screen-Shot-2016-11-14-at-14.27.27-640x427-Copy.png\" sizes=\"(max-width: 710px) 100vw, 710px\" srcset=\"https:\/\/filmfestivaldorf.com\/hrv\/wp-content\/uploads\/2017\/07\/Screen-Shot-2016-11-14-at-14.27.27-640x427-Copy.png 710w, https:\/\/filmfestivaldorf.com\/hrv\/wp-content\/uploads\/2017\/07\/Screen-Shot-2016-11-14-at-14.27.27-640x427-Copy-300x203.png 300w\" alt=\"\" width=\"710\" height=\"480\" \/><\/div>\n<\/figure>\n<div class=\"post-inner thin \">\n<div class=\"entry-content\">\n<p>Ovogodi\u0161nje DORF izdanje nakon Primo\u0161tena zavr\u0161ava u Vinkovcima. Kao uvod u 11.DORF organiziran je i program jubilarnih 5.Anti\u010dkih filmskih ve\u010deri, 21.-23.8. u lapidariju Gradskog muzeja Vinkovci. Tako \u0107e u prekrasnom lapidariju Gradskog muzeja Vinkovci ljubitelji filma mo\u0107i pogledati film\u00a0<strong>\u201eDan oslobo\u0111enja\u201c<\/strong>\u00a0Mortena Traavika, uzbudljivi film o koncertu kontroverznog slovenskog sastava\u00a0<strong>Laibach<\/strong>\u00a0u Sjev.Koreji. Jubilarno izdanje posve\u0107eno je sportu i to \u0161ahu i nogometu, te \u0107e uz projekcije filmova biti organizirani razgovori sa svjedocima blistave vinkova\u010dke pro\u0161losti.\u00a0<strong>Pero Senti\u0107<\/strong>, vinkova\u010dki zaljubljenik u \u0161ah i autor nekoliko knjiga o \u0161ahu vratit \u0107e nas u vrijeme kraja 1960-ih, kada je u Vinkovcima bio slavni genijalac Bobby Fischer, kao uvod u projekciju filma. Dan poslije \u0107emo se prisjetiti najva\u017enijeg datuma u povijesti vinkova\u010dkog nogometa \u2013 6.lipnja 1982 i mitskog dvoboja Dinama i \u010celika, te ulaska u Prvu ligu tada\u0161nje dr\u017eave, uz\u00a0<strong>Darka Stojanovi\u0107a<\/strong>\u00a0autora dokumentarnog filma i njegove goste.<\/p>\n<p>Osim sporta i filmova, posjetitelji \u0107e se mo\u0107i zabaviti uz filmski kviz, filmsku radionicu i predavanje o najnovijim arheolo\u0161kim otkri\u0107ima u Vinkovcima.<\/p>\n<p>Festival DORF zaklju\u010dit \u0107e se 24.-26.8. u staroj romani\u010dkoj crkvi Meraja, uz gostovanja autora i progla\u0161enje najboljeg filma u regionalnoj selekciji.<\/p>\n<p>Kao uvod u DORF program, organizirano je otvaranje izlo\u017ebe fotografija\u00a0<strong>Marija Grobenskog<\/strong>, iz Koprivnice. U Galeriji fotografije Meraja u utorak, 22.8. s po\u010detkom u 19:30 sati pogledajte njegove koncertne fotografije i radove iz kultnog ciklusa \u201eHouse where nobody lives\u201c.<\/p>\n<p>Prvi dan programa u Vinkovcima \u0107e biti prikazan film\u00a0<strong>\u201eGarage Rockin\u2019 Craze \u2013 Story of Tokyo garage punk\u201c<\/strong>, autora Marija \u010cu\u017ei\u0107a (Kanada), te sjajan kratki film\u00a0<strong>\u201eFlorian<\/strong>\u201c autora\u00a0 Darija Bukovskog iz Zagreba, o tri marginalca glazbenika i njihovim snovima. Jedan od njih nastupit \u0107e poslije projekcije \u2013 ne propustite premijerni nastup zanimljivog dueta\u00a0<strong>Ma\u010dkodlak.<\/strong><\/p>\n<p>Drugi dan na programu su filmovi o prvom albumu kultnog slovenskog sastava Buldo\u017eer\u00a0<strong>\u201ePljuni istini u o\u010di\u201c<\/strong>\u00a0autorice Varje MO\u010dnik, te novi film Ljiljane \u0160i\u0161manovi\u0107\u00a0<strong>\u201eNeuspje\u0161an skroz\u201c<\/strong>, o kantautoru Electric \u017daretu.<\/p>\n<p>Tre\u0107i dan na programu je zanimljiv film\u00a0<strong>\u201eCharlatan Magnifique\u201c<\/strong>\u00a0o slovenskom autoru Magnificu, glazbeniku i autoru glazbe za filmske hitove, te na samom kraju ekskluzivna projekcija epizode novog serijala \u201e<strong>Borderland soundtrack<\/strong>\u201c autorice Brankice Dra\u0161kovi\u0107 \u2013 inspiriranog knjigom \u201eSedma republika\u201c velikog DORF prijatelja\u00a0<strong>Ante Perkovi\u0107a<\/strong>, kojem je posve\u0107eno ovogodi\u0161nje festivalsko izdanje.<\/p>\n<p>\u017diri u sastavu\u00a0<strong>Dubravko Jagati\u0107, \u017deljka Kova\u010devi\u0107 i Kand\u017eija\u00a0<\/strong>odlu\u010diti \u0107e kome \u0107e pripasti nagrada koju je izradio sjajni\u00a0<strong>Miro \u017dupa<\/strong>\u00a0iz Splita.<\/p>\n<p>Tako\u0111er, u Vinkovcima \u0107e DORF nagradu za \u017eivotno djelo primiti \u00a0<strong>Dubravko Matakovi\u0107<\/strong>.<\/p>\n<p>11.Festival dokumentarnog rock filma \u2013 DORF u Vinkovcima organizira Udruga ljubitelja filma \u2018Rare\u2019 iz Vinkovaca, uz potporu Grada Vinkovaca, Vukovarsko-srijemske \u017eupanije i Hrvatskog audiovizualnog centra.<\/p>\n<p><strong><u>5.ANTI\u010cKE FILMSKE VE\u010cERI@lapidarij Gradskog muzeja Vinkovci<\/u><\/strong><\/p>\n<p><strong><u>21.8. (ponedjeljak)\u00a0<\/u><\/strong><\/p>\n<p><u><\/u>19:30 PREDAVANJE Gradski muzej Vinkovci<br \/>\n20:30\u00a0SVE\u010cANO OTVORENJE<br \/>\n20:40 PRI\u010cA O BOBBY FISCHERU U VINKOVCIMA (razgovor)<br \/>\n\/projekcija dokumentarnog filma<br \/>\n<strong><u>22.8. (utorak)<br \/>\n<\/u><\/strong>18:00 FILMSKA RADIONICA<br \/>\n20:30 NOGOMETNA 1982. U VINKOVCIMA (razgovor)<br \/>\n\/projekcija dokumentarnog filma \u201cVinkovci, 6.lipnja 1982\u201d Darka Stojanovi\u0107a \u2013 Stoje<br \/>\n<strong><u>23.8. (srijeda)<\/u><\/strong><br \/>\n18:00 FILMSKA RADIONICA<br \/>\n19:30 FILMSKI KVIZ<br \/>\n20:30 DAN OSLOBO\u0110ENJA, dokumentarni film<br \/>\n<a href=\"http:\/\/restartlabel.net\/o_filmu?id=209\">http:\/\/restartlabel.net\/o_filmu?id=209<\/a><\/p>\n<p><strong><u>11.FESTIVAL DOKUMENTARNOG ROCK FILMA DORF@Galerija fotografije Meraja<\/u><\/strong><\/p>\n<p><strong><u>22.8. (utorak)<\/u><\/strong><strong><u><br \/>\n<\/u><\/strong>19:30 OTVORENJE IZLO\u017dBE FOTOGRAFIJA MARIJA GROBENSKOG<br \/>\n<strong><u>24.8. (\u010detvrtak)<br \/>\n<\/u><\/strong>20:00 Garage rockin\u2019 craze \u2013 Tokyo garage punk \/\/<br \/>\n21:30 Don\u2019t talk to me \/\/ Florian<br \/>\n+Koncert Ma\u010dkodlak<br \/>\n<strong><u>25.8. (petak)<br \/>\n<\/u><\/strong>20:00 Mlada nada \/\/ Pijana ulica<br \/>\n21:30 Buldo\u017eer \u2013 Pljuni istini u o\u010di \/\/ Neuspje\u0161an skroz<br \/>\n<strong><u>26.8. (subota)<br \/>\n<\/u><\/strong>20:00 Charlatan Magnifique \/\/<br \/>\n21:30 Borderland soundtrack\/\/<br \/>\n22:30 progla\u0161enje pobjednika 11.DORF i dodjela nagrade za \u017eivotno djelo Dubravku Matakovi\u0107u<\/p>\n<\/div>\n<\/div>\n","protected":false},"excerpt":{"rendered":"<p>Ovogodi\u0161nje DORF izdanje nakon Primo\u0161tena zavr\u0161ava u Vinkovcima. Kao uvod u 11.DORF organiziran je i program jubilarnih 5.Anti\u010dkih filmskih ve\u010deri, 21.-23.8. u lapidariju Gradskog muzeja Vinkovci. Tako \u0107e u prekrasnom lapidariju Gradskog muzeja Vinkovci ljubitelji filma mo\u0107i pogledati film\u00a0\u201eDan oslobo\u0111enja\u201c\u00a0Mortena Traavika, uzbudljivi film o koncertu kontroverznog slovenskog sastava\u00a0Laibach\u00a0u Sjev.Koreji. Jubilarno izdanje posve\u0107eno je sportu i [&#8230;]\n","protected":false},"author":1,"featured_media":0,"comment_status":"closed","ping_status":"closed","sticky":false,"template":"","format":"standard","meta":{"_monsterinsights_skip_tracking":false,"_monsterinsights_sitenote_active":false,"_monsterinsights_sitenote_note":"","_monsterinsights_sitenote_category":0,"_links_to":"","_links_to_target":""},"categories":[1],"tags":[],"aioseo_notices":[],"_links":{"self":[{"href":"https:\/\/filmfestivaldorf.com\/hr\/wp-json\/wp\/v2\/posts\/886"}],"collection":[{"href":"https:\/\/filmfestivaldorf.com\/hr\/wp-json\/wp\/v2\/posts"}],"about":[{"href":"https:\/\/filmfestivaldorf.com\/hr\/wp-json\/wp\/v2\/types\/post"}],"author":[{"embeddable":true,"href":"https:\/\/filmfestivaldorf.com\/hr\/wp-json\/wp\/v2\/users\/1"}],"replies":[{"embeddable":true,"href":"https:\/\/filmfestivaldorf.com\/hr\/wp-json\/wp\/v2\/comments?post=886"}],"version-history":[{"count":1,"href":"https:\/\/filmfestivaldorf.com\/hr\/wp-json\/wp\/v2\/posts\/886\/revisions"}],"predecessor-version":[{"id":887,"href":"https:\/\/filmfestivaldorf.com\/hr\/wp-json\/wp\/v2\/posts\/886\/revisions\/887"}],"wp:attachment":[{"href":"https:\/\/filmfestivaldorf.com\/hr\/wp-json\/wp\/v2\/media?parent=886"}],"wp:term":[{"taxonomy":"category","embeddable":true,"href":"https:\/\/filmfestivaldorf.com\/hr\/wp-json\/wp\/v2\/categories?post=886"},{"taxonomy":"post_tag","embeddable":true,"href":"https:\/\/filmfestivaldorf.com\/hr\/wp-json\/wp\/v2\/tags?post=886"}],"curies":[{"name":"wp","href":"https:\/\/api.w.org\/{rel}","templated":true}]}}