{"id":911,"date":"2017-06-18T16:40:40","date_gmt":"2017-06-18T16:40:40","guid":{"rendered":"https:\/\/filmfestivaldorf.com\/hr\/?p=911"},"modified":"2020-05-23T16:41:15","modified_gmt":"2020-05-23T16:41:15","slug":"regionalna-selekcija-2017","status":"publish","type":"post","link":"https:\/\/filmfestivaldorf.com\/hr\/2017\/06\/18\/regionalna-selekcija-2017\/","title":{"rendered":"REGIONALNA SELEKCIJA 2017"},"content":{"rendered":"<figure class=\"featured-media\">\n<div class=\"featured-media-inner section-inner\"><img loading=\"lazy\" class=\"attachment-post-thumbnail size-post-thumbnail wp-post-image\" src=\"https:\/\/filmfestivaldorf.com\/hrv\/wp-content\/uploads\/2017\/06\/BuldozerLPFilm_1.10.1-Copy.jpg\" sizes=\"(max-width: 710px) 100vw, 710px\" srcset=\"https:\/\/filmfestivaldorf.com\/hrv\/wp-content\/uploads\/2017\/06\/BuldozerLPFilm_1.10.1-Copy.jpg 710w, https:\/\/filmfestivaldorf.com\/hrv\/wp-content\/uploads\/2017\/06\/BuldozerLPFilm_1.10.1-Copy-300x203.jpg 300w\" alt=\"\" width=\"710\" height=\"480\" \/><\/div>\n<\/figure>\n<div class=\"post-inner thin \">\n<div class=\"entry-content\">\n<p>18.June 2017<\/p>\n<p>U programu regionalne konkurencije u Primo\u0161tenu i Vinkovcima bit \u0107e prikazano 9 filmova. Premijerno \u0107e biti prikazan legendarnog\u00a0<strong>Marka Brecelja<\/strong>\u00a0\u201eBrojanje u jesen\u201c, a pulski umjetnik i performer Josip Pino Ivan\u010di\u0107 predstavit \u0107e svoj eksperimentalni film o kultnom sastavu\u00a0<strong>Gustaph Y Njegovi Dobri Duhovi<\/strong>. Nakon pobjede na prvom DORFu 2007.godine, svoj novi film, o prvom albumu\u00a0<strong>Buldo\u017eera<\/strong>\u00a0\u201ePljuni istini u o\u010di\u201c, predstavit \u0107e ekipa iz slovenske\u00a0<em>Nord Cross Production<\/em>. Hrvatsku premijeru imat \u0107e film o kultnom klubu MKN\u017d, iz Ilirske Bistrice \u2013\u00a0<strong>\u201eMlada nada\u201c<\/strong>\u00a0autora Mance Filak i \u017dige Gori\u0161eka, iz Slovenije. Ljiljana \u0160i\u0161manovi\u0107 predstavit \u0107e svoj portret \u017darka Jovanovskog aka Electric \u017dare\u00a0<strong>\u201eNeuspje\u0161an skroz\u201c<\/strong>, u produkciji HRT. Me\u0111u prvima predstavljamo i 2 kratka filma \u2013 \u201ePijana ulica\u201c autora\u00a0<strong>Marina Lukanovi\u0107a<\/strong>\u00a0iz Rijeke, te \u201eLa Piova\u201c,\u00a0<strong>Ines Pletikos<\/strong>\u00a0iz Pule.<\/p>\n<p>O najboljem filmu u regionalnoj konkurenciji odlu\u010dit \u0107e \u017eiri u sastavu: redateljica i novinarka\u00a0<strong>\u017deljka Kova\u010devi\u0107,\u00a0<\/strong>novinar<strong>\u00a0Dubravko Jagati\u0107<\/strong>\u00a0i glazbenik\u00a0<strong>Stjepko Galovi\u0107<\/strong>, poznatiji kao\u00a0<strong>Kand\u017eija<\/strong>. Ovogodi\u0161nje festivalsko izdanje posve\u0107eno je velikom DORF prijatelju\u00a0<strong>Anti Perkovi\u0107u<\/strong>. U znak sje\u0107anja na dru\u017eenja sa Antom u selekciji \u201eTajna povijest rocka\u201c prikazat \u0107emo ekskluzivno epizodu dokumentarnog TV serijala\u00a0<strong>\u201eBorderland Soundtrack\u201c<\/strong>, novosadske autorice Brankice Dra\u0161kovi\u0107, uz razgovor o radijskom anga\u017emanu i knjigama, u suradnji s knji\u017earom Rockmark iz Zagreba. Tako\u0111er, u istoj selekciji ponosno predstavljamo film\u00a0<strong>\u201eFlorian\u201c<\/strong>, autora Darija Bukovskog iz Zagreba, koji je 2014.godine osvojio nagradu za razvoj scenarija KlasikTV i DORF \u2013 za kratki film o glazbeniku, klaunu i uli\u010dnom performeru.<\/p>\n<p>Podsje\u0107amo, dobitnik ovogodi\u0161nje DORF nagrade za \u017eivotno djelo je genijalni vinkova\u010dki strip autor\u00a0<strong>Dubravko Matakovi\u0107<\/strong>, a posebno DORF priznanje za doprinos undergroundu dobit \u0107e\u00a0<strong>Damir Bartol Indo\u0161<\/strong>. \u00a0Autor DORF 2017 nagrada je\u00a0<strong>Miro \u017dupa<\/strong>\u00a0iz Splita, a plakat je djelo\u00a0<strong>Miroslava Sekuli\u0107a Struje<\/strong>, iz Zagreba. U okviru ovogodi\u0161njeg\u00a0<strong>OFF DORF<\/strong>\u00a0programa posjetitelji \u0107e mo\u0107i pogledati koncerte, nastupe DJ, izlo\u017ebu fotografija\u00a0<strong>Marija Grobenskog<\/strong>\u00a0i sudjelovati u filmskom kvizu koji \u0107e voditi\u00a0<strong>Mario Kova\u010d<\/strong>.<\/p>\n<p>Glavni filmski program u Primo\u0161tenu odr\u017eat \u0107e se 5.-9.8. na Iskonovoj festivalskoj pla\u017ei, zasigurno jednoj od najljep\u0161ih na ovom dijelu Jadrana. U Vinkovcima \u0107e se DORF program odvijati 24.-26.8. u Galeriji Meraja, staroj goti\u010dkoj crkvi Sv.Ilije, u centru Vinkovaca.<\/p>\n<p>Festival DORF 2017 odr\u017eava se pod pokroviteljstvom Hrvatskog audiovizualnog centra, Grada Primo\u0161tena, Grada Vinkovaca i Vukovarsko-srijemske \u017eupanije.<\/p>\n<p><strong>Ulaznice za SuperUho omogu\u0107it \u0107e ulaz i na sva doga\u0111anja u sklopu DORF.<\/strong><\/p>\n<p>Nova cijena festivalskih SuperUho ulaznica je\u00a0<strong><u>290kn<\/u><\/strong>.<\/p>\n<p>Kamperske ulaznice prodaju se po cijeni od\u00a0<strong><u>150kn<\/u><\/strong>.<\/p>\n<p>Dnevne ulaznice mo\u017eete nabaviti po cijeni\u00a0<strong><u>150 kn<\/u><\/strong>.<\/p>\n<p><strong>Veselimo se va\u0161em dolasku na SuperUho i DORF, provedite s nama pet najljep\u0161ih glazbeno-filmskih dana na Jadranu.<\/strong><\/p>\n<\/div>\n<\/div>\n","protected":false},"excerpt":{"rendered":"<p>18.June 2017 U programu regionalne konkurencije u Primo\u0161tenu i Vinkovcima bit \u0107e prikazano 9 filmova. Premijerno \u0107e biti prikazan legendarnog\u00a0Marka Brecelja\u00a0\u201eBrojanje u jesen\u201c, a pulski umjetnik i performer Josip Pino Ivan\u010di\u0107 predstavit \u0107e svoj eksperimentalni film o kultnom sastavu\u00a0Gustaph Y Njegovi Dobri Duhovi. Nakon pobjede na prvom DORFu 2007.godine, svoj novi film, o prvom albumu\u00a0Buldo\u017eera\u00a0\u201ePljuni [&#8230;]\n","protected":false},"author":1,"featured_media":0,"comment_status":"closed","ping_status":"closed","sticky":false,"template":"","format":"standard","meta":{"_monsterinsights_skip_tracking":false,"_monsterinsights_sitenote_active":false,"_monsterinsights_sitenote_note":"","_monsterinsights_sitenote_category":0,"_links_to":"","_links_to_target":""},"categories":[1],"tags":[],"aioseo_notices":[],"_links":{"self":[{"href":"https:\/\/filmfestivaldorf.com\/hr\/wp-json\/wp\/v2\/posts\/911"}],"collection":[{"href":"https:\/\/filmfestivaldorf.com\/hr\/wp-json\/wp\/v2\/posts"}],"about":[{"href":"https:\/\/filmfestivaldorf.com\/hr\/wp-json\/wp\/v2\/types\/post"}],"author":[{"embeddable":true,"href":"https:\/\/filmfestivaldorf.com\/hr\/wp-json\/wp\/v2\/users\/1"}],"replies":[{"embeddable":true,"href":"https:\/\/filmfestivaldorf.com\/hr\/wp-json\/wp\/v2\/comments?post=911"}],"version-history":[{"count":1,"href":"https:\/\/filmfestivaldorf.com\/hr\/wp-json\/wp\/v2\/posts\/911\/revisions"}],"predecessor-version":[{"id":912,"href":"https:\/\/filmfestivaldorf.com\/hr\/wp-json\/wp\/v2\/posts\/911\/revisions\/912"}],"wp:attachment":[{"href":"https:\/\/filmfestivaldorf.com\/hr\/wp-json\/wp\/v2\/media?parent=911"}],"wp:term":[{"taxonomy":"category","embeddable":true,"href":"https:\/\/filmfestivaldorf.com\/hr\/wp-json\/wp\/v2\/categories?post=911"},{"taxonomy":"post_tag","embeddable":true,"href":"https:\/\/filmfestivaldorf.com\/hr\/wp-json\/wp\/v2\/tags?post=911"}],"curies":[{"name":"wp","href":"https:\/\/api.w.org\/{rel}","templated":true}]}}