{"id":923,"date":"2017-06-18T16:45:55","date_gmt":"2017-06-18T16:45:55","guid":{"rendered":"https:\/\/filmfestivaldorf.com\/hr\/?p=923"},"modified":"2020-05-23T16:46:35","modified_gmt":"2020-05-23T16:46:35","slug":"brojanje-u-jesen-stetje-v-jeseni-55%e2%80%b2","status":"publish","type":"post","link":"https:\/\/filmfestivaldorf.com\/hr\/2017\/06\/18\/brojanje-u-jesen-stetje-v-jeseni-55%e2%80%b2\/","title":{"rendered":"Brojanje u jesen\/\u0160TETJE V JESENI, 55\u2032"},"content":{"rendered":"<figure class=\"featured-media\">\n<div class=\"featured-media-inner section-inner\"><img loading=\"lazy\" class=\"attachment-post-thumbnail size-post-thumbnail wp-post-image\" src=\"https:\/\/filmfestivaldorf.com\/hrv\/wp-content\/uploads\/2017\/06\/brojanje.jpg\" sizes=\"(max-width: 710px) 100vw, 710px\" srcset=\"https:\/\/filmfestivaldorf.com\/hrv\/wp-content\/uploads\/2017\/06\/brojanje.jpg 710w, https:\/\/filmfestivaldorf.com\/hrv\/wp-content\/uploads\/2017\/06\/brojanje-300x203.jpg 300w\" alt=\"\" width=\"710\" height=\"480\" \/><\/div>\n<\/figure>\n<div class=\"post-inner thin \">\n<div class=\"entry-content\">\n<p>R: Marko Brecelj (Slovenija)<br \/>\nP:Marko Brecelj, 2017<br \/>\n<span id=\"more-11200\"><\/span><\/p>\n<p>TRALIER<br \/>\n<iframe loading=\"lazy\" src=\"https:\/\/www.youtube.com\/embed\/Ueaow2ved4g\" width=\"560\" height=\"315\" frameborder=\"0\" allowfullscreen=\"allowfullscreen\" data-origwidth=\"560\" data-origheight=\"315\" data-mce-fragment=\"1\"><\/iframe><\/p>\n<p>Marko u akciji. Sa Go Pro kamerom na i bezbroj fantasti\u010dnih diverzantskih ideja u glavi. Kako je bilo na kraju pogledajte u ovom filmu\/mjuziklu (va\u017eno vezivno tkivo filma je snimljeni proces defekacije tetraplegika. ovi prizori uz kuhinjsku monotoniju \u010dine ovo djelo te\u0161ko podno\u0161ljivim a autoru Mekog terorizma utvr\u0111uju ugled). Hrvatska premijera.<\/p>\n<\/div>\n<\/div>\n","protected":false},"excerpt":{"rendered":"<p>R: Marko Brecelj (Slovenija) P:Marko Brecelj, 2017 TRALIER Marko u akciji. Sa Go Pro kamerom na i bezbroj fantasti\u010dnih diverzantskih ideja u glavi. Kako je bilo na kraju pogledajte u ovom filmu\/mjuziklu (va\u017eno vezivno tkivo filma je snimljeni proces defekacije tetraplegika. ovi prizori uz kuhinjsku monotoniju \u010dine ovo djelo te\u0161ko podno\u0161ljivim a autoru Mekog terorizma [&#8230;]\n","protected":false},"author":1,"featured_media":0,"comment_status":"closed","ping_status":"closed","sticky":false,"template":"","format":"standard","meta":{"_monsterinsights_skip_tracking":false,"_monsterinsights_sitenote_active":false,"_monsterinsights_sitenote_note":"","_monsterinsights_sitenote_category":0,"_links_to":"","_links_to_target":""},"categories":[1],"tags":[],"aioseo_notices":[],"_links":{"self":[{"href":"https:\/\/filmfestivaldorf.com\/hr\/wp-json\/wp\/v2\/posts\/923"}],"collection":[{"href":"https:\/\/filmfestivaldorf.com\/hr\/wp-json\/wp\/v2\/posts"}],"about":[{"href":"https:\/\/filmfestivaldorf.com\/hr\/wp-json\/wp\/v2\/types\/post"}],"author":[{"embeddable":true,"href":"https:\/\/filmfestivaldorf.com\/hr\/wp-json\/wp\/v2\/users\/1"}],"replies":[{"embeddable":true,"href":"https:\/\/filmfestivaldorf.com\/hr\/wp-json\/wp\/v2\/comments?post=923"}],"version-history":[{"count":1,"href":"https:\/\/filmfestivaldorf.com\/hr\/wp-json\/wp\/v2\/posts\/923\/revisions"}],"predecessor-version":[{"id":924,"href":"https:\/\/filmfestivaldorf.com\/hr\/wp-json\/wp\/v2\/posts\/923\/revisions\/924"}],"wp:attachment":[{"href":"https:\/\/filmfestivaldorf.com\/hr\/wp-json\/wp\/v2\/media?parent=923"}],"wp:term":[{"taxonomy":"category","embeddable":true,"href":"https:\/\/filmfestivaldorf.com\/hr\/wp-json\/wp\/v2\/categories?post=923"},{"taxonomy":"post_tag","embeddable":true,"href":"https:\/\/filmfestivaldorf.com\/hr\/wp-json\/wp\/v2\/tags?post=923"}],"curies":[{"name":"wp","href":"https:\/\/api.w.org\/{rel}","templated":true}]}}