{"id":946,"date":"2017-05-23T16:57:36","date_gmt":"2017-05-23T16:57:36","guid":{"rendered":"https:\/\/filmfestivaldorf.com\/hr\/?p=946"},"modified":"2020-05-23T16:58:03","modified_gmt":"2020-05-23T16:58:03","slug":"zeljka-kovacevic","status":"publish","type":"post","link":"https:\/\/filmfestivaldorf.com\/hr\/2017\/05\/23\/zeljka-kovacevic\/","title":{"rendered":"\u017deljka Kova\u010devi\u0107"},"content":{"rendered":"<figure class=\"featured-media\">\n<div class=\"featured-media-inner section-inner medium\"><img loading=\"lazy\" class=\"attachment-post-thumbnail size-post-thumbnail wp-post-image\" src=\"https:\/\/filmfestivaldorf.com\/hrv\/wp-content\/uploads\/2017\/05\/zeljka-kovacevic.jpg\" sizes=\"(max-width: 400px) 100vw, 400px\" srcset=\"https:\/\/filmfestivaldorf.com\/hrv\/wp-content\/uploads\/2017\/05\/zeljka-kovacevic.jpg 400w, https:\/\/filmfestivaldorf.com\/hrv\/wp-content\/uploads\/2017\/05\/zeljka-kovacevic-300x200.jpg 300w\" alt=\"\" width=\"400\" height=\"266\" \/><\/div>\n<\/figure>\n<div class=\"post-inner thin \">\n<div class=\"entry-content\">\n<p>\u2013 novinarka i autorica dokumentarnih filmova&amp;aktivisti\u010dkih videa. Poma\u017ee i participira, suradnica RTL, Radio 101 i dio Fade In ekipe. Dolazi sa Hvara a odlazi iz Borova. Predsjednica \u017eirija.<\/p>\n<\/div>\n<\/div>\n","protected":false},"excerpt":{"rendered":"<p>\u2013 novinarka i autorica dokumentarnih filmova&amp;aktivisti\u010dkih videa. Poma\u017ee i participira, suradnica RTL, Radio 101 i dio Fade In ekipe. Dolazi sa Hvara a odlazi iz Borova. Predsjednica \u017eirija.<\/p>\n","protected":false},"author":1,"featured_media":0,"comment_status":"closed","ping_status":"closed","sticky":false,"template":"","format":"standard","meta":{"_monsterinsights_skip_tracking":false,"_monsterinsights_sitenote_active":false,"_monsterinsights_sitenote_note":"","_monsterinsights_sitenote_category":0,"_links_to":"","_links_to_target":""},"categories":[1],"tags":[],"aioseo_notices":[],"_links":{"self":[{"href":"https:\/\/filmfestivaldorf.com\/hr\/wp-json\/wp\/v2\/posts\/946"}],"collection":[{"href":"https:\/\/filmfestivaldorf.com\/hr\/wp-json\/wp\/v2\/posts"}],"about":[{"href":"https:\/\/filmfestivaldorf.com\/hr\/wp-json\/wp\/v2\/types\/post"}],"author":[{"embeddable":true,"href":"https:\/\/filmfestivaldorf.com\/hr\/wp-json\/wp\/v2\/users\/1"}],"replies":[{"embeddable":true,"href":"https:\/\/filmfestivaldorf.com\/hr\/wp-json\/wp\/v2\/comments?post=946"}],"version-history":[{"count":1,"href":"https:\/\/filmfestivaldorf.com\/hr\/wp-json\/wp\/v2\/posts\/946\/revisions"}],"predecessor-version":[{"id":947,"href":"https:\/\/filmfestivaldorf.com\/hr\/wp-json\/wp\/v2\/posts\/946\/revisions\/947"}],"wp:attachment":[{"href":"https:\/\/filmfestivaldorf.com\/hr\/wp-json\/wp\/v2\/media?parent=946"}],"wp:term":[{"taxonomy":"category","embeddable":true,"href":"https:\/\/filmfestivaldorf.com\/hr\/wp-json\/wp\/v2\/categories?post=946"},{"taxonomy":"post_tag","embeddable":true,"href":"https:\/\/filmfestivaldorf.com\/hr\/wp-json\/wp\/v2\/tags?post=946"}],"curies":[{"name":"wp","href":"https:\/\/api.w.org\/{rel}","templated":true}]}}