{"id":954,"date":"2017-05-15T17:00:37","date_gmt":"2017-05-15T17:00:37","guid":{"rendered":"https:\/\/filmfestivaldorf.com\/hr\/?p=954"},"modified":"2020-05-23T17:01:16","modified_gmt":"2020-05-23T17:01:16","slug":"dorf-ziri-off-dorf-2017","status":"publish","type":"post","link":"https:\/\/filmfestivaldorf.com\/hr\/2017\/05\/15\/dorf-ziri-off-dorf-2017\/","title":{"rendered":"DORF \u017dIRI &#038; OFF DORF 2017"},"content":{"rendered":"<figure class=\"featured-media\">\n<div class=\"featured-media-inner section-inner\"><img loading=\"lazy\" class=\"attachment-post-thumbnail size-post-thumbnail wp-post-image\" src=\"https:\/\/filmfestivaldorf.com\/hrv\/wp-content\/uploads\/2017\/05\/grobenski.jpg\" sizes=\"(max-width: 710px) 100vw, 710px\" srcset=\"https:\/\/filmfestivaldorf.com\/hrv\/wp-content\/uploads\/2017\/05\/grobenski.jpg 710w, https:\/\/filmfestivaldorf.com\/hrv\/wp-content\/uploads\/2017\/05\/grobenski-300x203.jpg 300w\" alt=\"\" width=\"710\" height=\"480\" \/><\/div>\n<\/figure>\n<div class=\"post-inner thin \">\n<div class=\"entry-content\">\n<p>15.May 2017<\/p>\n<p>O najboljem filmu od ukupno 8 izabranih za prikazivanje u regionalnoj konkurenciji odlu\u010dit \u0107e \u017eiri u sastavu: redateljica i novinarka\u00a0<strong>\u017deljka Kova\u010devi\u0107,\u00a0<\/strong>novinar<strong>\u00a0Dubravko Jagati\u0107<\/strong>\u00a0i hip hoper\u00a0<strong>Stjepko Galovi\u0107<\/strong>, poznatiji kao\u00a0<strong>Kand\u017eija<\/strong>. U kategoriji\u00a0<em>Tajna povijest rocka<\/em>\u00a0ove godine \u0107e biti prikazano ukupno 9 filmova, tijekom kolovoza u Primo\u0161tenu i Vinkovcima. Ovogodi\u0161nje festivalsko izdanje posve\u0107eno je velikom DORF prijatelju\u00a0<strong>Anti Perkovi\u0107u<\/strong>. U znak sje\u0107anja na dru\u017eenja sa Antom prikazat \u0107emo ekskluzivno epizodu dokumentarnog TV serijala\u00a0<strong>\u201eBorderland Soundtrack\u201c<\/strong>, novosadske autorice Brankice Dra\u0161kovi\u0107, uz razgovor o radijskom anga\u017emanu i knjigama, u suradnji s knji\u017earom Rockmark iz Zagreba.<\/p>\n<p><a href=\"https:\/\/filmfestivaldorf.com\/hrv\/wp-content\/uploads\/2017\/05\/Dubravko-Jagati%C4%87.jpg\"><img loading=\"lazy\" class=\"alignnone size-medium wp-image-11125\" src=\"https:\/\/filmfestivaldorf.com\/hrv\/wp-content\/uploads\/2017\/05\/Dubravko-Jagati%C4%87-200x300.jpg\" sizes=\"(max-width: 200px) 100vw, 200px\" srcset=\"https:\/\/filmfestivaldorf.com\/hrv\/wp-content\/uploads\/2017\/05\/Dubravko-Jagati\u0107-200x300.jpg 200w, https:\/\/filmfestivaldorf.com\/hrv\/wp-content\/uploads\/2017\/05\/Dubravko-Jagati\u0107.jpg 402w\" alt=\"Dubravko Jagati\u0107\" width=\"200\" height=\"300\" \/><\/a><a href=\"https:\/\/filmfestivaldorf.com\/hrv\/wp-content\/uploads\/2017\/05\/IMG_20170508_141335-Copy.jpg\"><img loading=\"lazy\" class=\"alignnone size-medium wp-image-11126\" src=\"https:\/\/filmfestivaldorf.com\/hrv\/wp-content\/uploads\/2017\/05\/IMG_20170508_141335-Copy-300x225.jpg\" sizes=\"(max-width: 300px) 100vw, 300px\" srcset=\"https:\/\/filmfestivaldorf.com\/hrv\/wp-content\/uploads\/2017\/05\/IMG_20170508_141335-Copy-300x225.jpg 300w, https:\/\/filmfestivaldorf.com\/hrv\/wp-content\/uploads\/2017\/05\/IMG_20170508_141335-Copy.jpg 640w\" alt=\"IMG_20170508_141335 - Copy\" width=\"300\" height=\"225\" \/><\/a><a href=\"https:\/\/filmfestivaldorf.com\/hrv\/wp-content\/uploads\/2017\/05\/Zeljka-Kovacevic_lff_film_full_lightbox.jpg\"><img loading=\"lazy\" class=\"alignnone size-medium wp-image-11127\" src=\"https:\/\/filmfestivaldorf.com\/hrv\/wp-content\/uploads\/2017\/05\/Zeljka-Kovacevic_lff_film_full_lightbox-300x225.jpg\" sizes=\"(max-width: 300px) 100vw, 300px\" srcset=\"https:\/\/filmfestivaldorf.com\/hrv\/wp-content\/uploads\/2017\/05\/Zeljka-Kovacevic_lff_film_full_lightbox-300x225.jpg 300w, https:\/\/filmfestivaldorf.com\/hrv\/wp-content\/uploads\/2017\/05\/Zeljka-Kovacevic_lff_film_full_lightbox.jpg 640w\" alt=\"Zeljka-Kovacevic_lff_film_full_lightbox\" width=\"300\" height=\"225\" \/><\/a><\/p>\n<p>Podsje\u0107amo, dobitnik ovogodi\u0161nje DORF nagrade za \u017eivotno djelo je genijalni vinkova\u010dki strip autor\u00a0<strong>Dubravko Matakovi\u0107<\/strong>, a posebno DORF priznanje za doprinos undergroundu dobit \u0107e\u00a0<strong>Damir Bartol Indo\u0161<\/strong>. \u00a0Autor DORF 2017 nagrada je\u00a0<strong>Miro \u017dupa<\/strong>\u00a0iz Splita. Miro \u017dupa\u00a0 ro\u0111en je 1978. godine u Splitu. Diplomirao je kiparstvo 2002. na Akademiji likovnih umjetnosti u Zagrebu, u klasi Stanka Jan\u010di\u0107a. Bavi se skulpturom, slikarstvom, stripom, ilustracijom. Iznenadit \u0107e dobitnike DORF nagrada svojim megacool instalacijama od kartona.<\/p>\n<p>U okviru ovogodi\u0161njeg\u00a0<strong>OFF DORF<\/strong>\u00a0programa posjetitelji \u0107e mo\u0107i pogledati koncerte, nastupe DJ, izlo\u017ebu fotografija i sudjelovati u filmskom kvizu. Izlo\u017eba fotografija\u00a0<strong>Marija Grobenskog<\/strong>\u00a0bit \u0107e organizirana u Primo\u0161tenu i Vinkovcima. Svi ljubitelji filma i glazbe mogu sudjelovati u kvizu koji \u0107e voditi\u00a0<strong>Mario Kova\u010d<\/strong>.<\/p>\n<p>Mario Grobenski, fotograf iz Koprivnice predstavit \u0107e samostalnom izlo\u017ebom svoje radove iz ciklusa\u00a0<em>\u201eHouse where nobody lives\u201c<\/em>, te crno-bijele analogne koncertne fotografije.<\/p>\n<p>Doktor znanosti Mario Kova\u010d poznat je kao redatelj, glumac, skladatelj, scenograf ili dramaturg \u2013 sudjelovao je u stvaranju \u010ditavog niza amaterskih predstava i performansa. Djeluje i kao dramski pedagog te voditelj brojnih dramskih radionica. Uklju\u010den je u mnoge umjetni\u010dke projekte, organizira razna doga\u0111anja (glazbene slu\u0161aonice, filmske projekcije, knji\u017eevne i poetske ve\u010deri,\u00a0<a href=\"https:\/\/hr.wikipedia.org\/wiki\/DJ\">DJ<\/a>\u00a0nastupe, izlo\u017ebe, modne revije\u2026) u mnogim zagreba\u010dkim klubovima uz gostovanja \u0161irom Europe. Ali \u00a0\u2013 on je klju\u010dna osoba za pokretanje kviz scene, autor je kviza \u201eKvizna situacija\u201c i duhoviti erudit koji garantira zabavu u hladu borova.<\/p>\n<p>O koncertnom programu u Primo\u0161tenu detalje \u0107emo objaviti u slijede\u0107oj objavi.<\/p>\n<p>Glavni filmski program u Primo\u0161tenu odr\u017eat \u0107e se 5.-9.8. na Iskonovoj festivalskoj pla\u017ei, zasigurno jednoj od najljep\u0161ih na ovom dijelu Jadrana. U Vinkovcima \u0107e se DORF program odvijati 24.-26.8. u Galeriji Meraja, staroj goti\u010dkoj crkvi Sv.Ilije, u centru Vinkovaca.<\/p>\n<p>&nbsp;<\/p>\n<p><strong>Ulaznice za SuperUho omogu\u0107it \u0107e ulaz i na sva doga\u0111anja u skopu DORF.<\/strong><\/p>\n<p>&nbsp;<\/p>\n<p>Trenutna cijena festivalskih SuperUho ulaznica je\u00a0<strong><u>250kn<\/u><\/strong>\u00a0i vrijedit \u0107e do 18.06..<\/p>\n<p>Do istog \u0107e se datuma mo\u0107i kupiti i kamperske ulaznice po cijeni od\u00a0<strong><u>120kn<\/u><\/strong>.<\/p>\n<p>Dakle,\u00a0<strong>komplet koji omogu\u0107ava posjetu svim zbivanjima u sklopu SuperUho i DORF festivala te petodnevno kampiranje na prekrasnoj lokaciji<\/strong>\u00a0u ovom \u0107e paketu ko\u0161tati\u00a0<strong><u>370kn<\/u><\/strong>.<\/p>\n<p>&nbsp;<\/p>\n<p><strong>Veselimo se va\u0161em dolasku na SuperUho i DORF, provedite s nama pet najljep\u0161ih glazbeno-filmskih dana na Jadranu.<\/strong><\/p>\n<\/div>\n<\/div>\n","protected":false},"excerpt":{"rendered":"<p>15.May 2017 O najboljem filmu od ukupno 8 izabranih za prikazivanje u regionalnoj konkurenciji odlu\u010dit \u0107e \u017eiri u sastavu: redateljica i novinarka\u00a0\u017deljka Kova\u010devi\u0107,\u00a0novinar\u00a0Dubravko Jagati\u0107\u00a0i hip hoper\u00a0Stjepko Galovi\u0107, poznatiji kao\u00a0Kand\u017eija. U kategoriji\u00a0Tajna povijest rocka\u00a0ove godine \u0107e biti prikazano ukupno 9 filmova, tijekom kolovoza u Primo\u0161tenu i Vinkovcima. Ovogodi\u0161nje festivalsko izdanje posve\u0107eno je velikom DORF prijatelju\u00a0Anti Perkovi\u0107u. [&#8230;]\n","protected":false},"author":1,"featured_media":0,"comment_status":"closed","ping_status":"closed","sticky":false,"template":"","format":"standard","meta":{"_monsterinsights_skip_tracking":false,"_monsterinsights_sitenote_active":false,"_monsterinsights_sitenote_note":"","_monsterinsights_sitenote_category":0,"_links_to":"","_links_to_target":""},"categories":[1],"tags":[],"aioseo_notices":[],"_links":{"self":[{"href":"https:\/\/filmfestivaldorf.com\/hr\/wp-json\/wp\/v2\/posts\/954"}],"collection":[{"href":"https:\/\/filmfestivaldorf.com\/hr\/wp-json\/wp\/v2\/posts"}],"about":[{"href":"https:\/\/filmfestivaldorf.com\/hr\/wp-json\/wp\/v2\/types\/post"}],"author":[{"embeddable":true,"href":"https:\/\/filmfestivaldorf.com\/hr\/wp-json\/wp\/v2\/users\/1"}],"replies":[{"embeddable":true,"href":"https:\/\/filmfestivaldorf.com\/hr\/wp-json\/wp\/v2\/comments?post=954"}],"version-history":[{"count":1,"href":"https:\/\/filmfestivaldorf.com\/hr\/wp-json\/wp\/v2\/posts\/954\/revisions"}],"predecessor-version":[{"id":955,"href":"https:\/\/filmfestivaldorf.com\/hr\/wp-json\/wp\/v2\/posts\/954\/revisions\/955"}],"wp:attachment":[{"href":"https:\/\/filmfestivaldorf.com\/hr\/wp-json\/wp\/v2\/media?parent=954"}],"wp:term":[{"taxonomy":"category","embeddable":true,"href":"https:\/\/filmfestivaldorf.com\/hr\/wp-json\/wp\/v2\/categories?post=954"},{"taxonomy":"post_tag","embeddable":true,"href":"https:\/\/filmfestivaldorf.com\/hr\/wp-json\/wp\/v2\/tags?post=954"}],"curies":[{"name":"wp","href":"https:\/\/api.w.org\/{rel}","templated":true}]}}