{"id":958,"date":"2017-03-23T17:02:34","date_gmt":"2017-03-23T17:02:34","guid":{"rendered":"https:\/\/filmfestivaldorf.com\/hr\/?p=958"},"modified":"2020-05-23T17:03:11","modified_gmt":"2020-05-23T17:03:11","slug":"dorf-2017-najava-primosten","status":"publish","type":"post","link":"https:\/\/filmfestivaldorf.com\/hr\/2017\/03\/23\/dorf-2017-najava-primosten\/","title":{"rendered":"DORF 2017 \u2013 NAJAVA PRIMO\u0160TEN"},"content":{"rendered":"<figure class=\"featured-media\">\n<div class=\"featured-media-inner section-inner\"><img loading=\"lazy\" class=\"attachment-post-thumbnail size-post-thumbnail wp-post-image\" src=\"https:\/\/filmfestivaldorf.com\/hrv\/wp-content\/uploads\/2017\/03\/dorf_fb_cover-Copy.png\" sizes=\"(max-width: 710px) 100vw, 710px\" srcset=\"https:\/\/filmfestivaldorf.com\/hrv\/wp-content\/uploads\/2017\/03\/dorf_fb_cover-Copy.png 710w, https:\/\/filmfestivaldorf.com\/hrv\/wp-content\/uploads\/2017\/03\/dorf_fb_cover-Copy-300x203.png 300w\" alt=\"\" width=\"710\" height=\"480\" \/><\/div>\n<\/figure>\n<div class=\"post-inner thin \">\n<div class=\"entry-content\">\n<p>24.March 2017<\/p>\n<p>&nbsp;<\/p>\n<p>11.Festival dokumentarnog rock film DORF odr\u017eat \u0107e se u Primo\u0161tenu 5-9.8. i Vinkovcima 24-26.8.<\/p>\n<p>Nastavlja se pro\u0161lo ljeto zapo\u010deta suradnja izme\u0111u SuperUha u Primo\u0161tenu i \u00a0DORFa koja \u0107e ovog kolovoza biti okrunjena petodnevnim zajedni\u010dkim programom.<\/p>\n<p>Glavni filmski program odr\u017eat \u0107e se na Iskonovoj festivalskoj pla\u017ei, zasigurno jednoj od najljep\u0161ih na ovom dijelu Jadrana, a ovo \u0107e idili\u010dno okru\u017eenje biti upotpunjeno i pogledom na stari Primo\u0161ten koji \u0107e predstavljati svojevrsnu festivalsku kulisu smje\u0161tenu iza filmskog platna.<\/p>\n<p>Autor ovogodi\u0161njeg DORF plakata je sjajni Miroslav Sekuli\u0107-Struja.\u00a0Miroslav Sekulic-Struja hrvatski je slikar i visestruko nagradjivani strip autor koji \u017eivi i radi u Parizu. Objavio je dva uspje\u0161na strip albuma za francusku izdava\u010dku ku\u0107u Actes Sud. Posljednjih godina suradjivao je sa Centrom Pompidou, sudjelovao je na vi\u0161e festivala, samostalno izlagao u Parizu, Angoul\u00eame-u, Bordeaux-u, Saint Malo-u, Aix-en-Provence-u, Bruxellesu, Li\u00e8ge-u i Toulonu. Trenutno radi na trecem autorskom strip albumu i priprema novu izlozbu u Parizu.<\/p>\n<p>Ulaznice za SuperUho, na kojem su trenutno najavljeni Buzzcocks, Shellac, Billy Bragg, Conor Oberst, Jessy Lanza, Sara Renar i Gracin, a nova imena sti\u017eu uskoro, omogu\u0107it \u0107e ulaz i na sve doga\u0111aje u skopu DORF-a.<\/p>\n<p>Trenutna cijena festivalskih ulaznica je 250 kuna i vrijedi do 18.6., a do istog \u0107e se datuma mo\u0107i kupiti i kamperske ulaznice po cijeni od 120 kuna, zna\u010di komplet koji omogu\u0107ava posjet svim doga\u0111anjima u sklopu SuperUho i DORF festivala, te petodnevno kampiranje na prekrasnoj lokaciji u ovom paketu ko\u0161taju samo 370 kuna.<\/p>\n<p>Uskoro prve najave filmova, naravno \u2013 o\u010dekuju vas ponovo dokumentarni filmovi o glazbi i u OFF DORF programu koncerti, filmski kviz, izlo\u017ebe\u2026<\/p>\n<p><a href=\"https:\/\/filmfestivaldorf.com\/hrv\/wp-content\/uploads\/2017\/03\/poster_72dpi_web-Copy.jpg\"><img loading=\"lazy\" class=\"alignnone size-medium wp-image-11103\" src=\"https:\/\/filmfestivaldorf.com\/hrv\/wp-content\/uploads\/2017\/03\/poster_72dpi_web-Copy-210x300.jpg\" sizes=\"(max-width: 210px) 100vw, 210px\" srcset=\"https:\/\/filmfestivaldorf.com\/hrv\/wp-content\/uploads\/2017\/03\/poster_72dpi_web-Copy-210x300.jpg 210w, https:\/\/filmfestivaldorf.com\/hrv\/wp-content\/uploads\/2017\/03\/poster_72dpi_web-Copy.jpg 717w\" alt=\"poster_72dpi_(web) - Copy\" width=\"210\" height=\"300\" \/><\/a><\/p>\n<\/div>\n<\/div>\n","protected":false},"excerpt":{"rendered":"<p>24.March 2017 &nbsp; 11.Festival dokumentarnog rock film DORF odr\u017eat \u0107e se u Primo\u0161tenu 5-9.8. i Vinkovcima 24-26.8. Nastavlja se pro\u0161lo ljeto zapo\u010deta suradnja izme\u0111u SuperUha u Primo\u0161tenu i \u00a0DORFa koja \u0107e ovog kolovoza biti okrunjena petodnevnim zajedni\u010dkim programom. Glavni filmski program odr\u017eat \u0107e se na Iskonovoj festivalskoj pla\u017ei, zasigurno jednoj od najljep\u0161ih na ovom dijelu [&#8230;]\n","protected":false},"author":1,"featured_media":0,"comment_status":"closed","ping_status":"closed","sticky":false,"template":"","format":"standard","meta":{"_monsterinsights_skip_tracking":false,"_monsterinsights_sitenote_active":false,"_monsterinsights_sitenote_note":"","_monsterinsights_sitenote_category":0,"_links_to":"","_links_to_target":""},"categories":[1],"tags":[],"aioseo_notices":[],"_links":{"self":[{"href":"https:\/\/filmfestivaldorf.com\/hr\/wp-json\/wp\/v2\/posts\/958"}],"collection":[{"href":"https:\/\/filmfestivaldorf.com\/hr\/wp-json\/wp\/v2\/posts"}],"about":[{"href":"https:\/\/filmfestivaldorf.com\/hr\/wp-json\/wp\/v2\/types\/post"}],"author":[{"embeddable":true,"href":"https:\/\/filmfestivaldorf.com\/hr\/wp-json\/wp\/v2\/users\/1"}],"replies":[{"embeddable":true,"href":"https:\/\/filmfestivaldorf.com\/hr\/wp-json\/wp\/v2\/comments?post=958"}],"version-history":[{"count":1,"href":"https:\/\/filmfestivaldorf.com\/hr\/wp-json\/wp\/v2\/posts\/958\/revisions"}],"predecessor-version":[{"id":959,"href":"https:\/\/filmfestivaldorf.com\/hr\/wp-json\/wp\/v2\/posts\/958\/revisions\/959"}],"wp:attachment":[{"href":"https:\/\/filmfestivaldorf.com\/hr\/wp-json\/wp\/v2\/media?parent=958"}],"wp:term":[{"taxonomy":"category","embeddable":true,"href":"https:\/\/filmfestivaldorf.com\/hr\/wp-json\/wp\/v2\/categories?post=958"},{"taxonomy":"post_tag","embeddable":true,"href":"https:\/\/filmfestivaldorf.com\/hr\/wp-json\/wp\/v2\/tags?post=958"}],"curies":[{"name":"wp","href":"https:\/\/api.w.org\/{rel}","templated":true}]}}