{"id":960,"date":"2017-03-23T17:03:46","date_gmt":"2017-03-23T17:03:46","guid":{"rendered":"https:\/\/filmfestivaldorf.com\/hr\/?p=960"},"modified":"2020-05-23T17:04:12","modified_gmt":"2020-05-23T17:04:12","slug":"antenedostajes","status":"publish","type":"post","link":"https:\/\/filmfestivaldorf.com\/hr\/2017\/03\/23\/antenedostajes\/","title":{"rendered":"ANTE\u2026NEDOSTAJE\u0160!"},"content":{"rendered":"<figure class=\"featured-media\">\n<div class=\"featured-media-inner section-inner\"><img loading=\"lazy\" class=\"attachment-post-thumbnail size-post-thumbnail wp-post-image\" src=\"https:\/\/filmfestivaldorf.com\/hrv\/wp-content\/uploads\/2017\/03\/DSC_4384-Copy.jpg\" sizes=\"(max-width: 710px) 100vw, 710px\" srcset=\"https:\/\/filmfestivaldorf.com\/hrv\/wp-content\/uploads\/2017\/03\/DSC_4384-Copy.jpg 710w, https:\/\/filmfestivaldorf.com\/hrv\/wp-content\/uploads\/2017\/03\/DSC_4384-Copy-300x203.jpg 300w\" alt=\"\" width=\"710\" height=\"480\" \/><\/div>\n<\/figure>\n<div class=\"post-inner thin \">\n<div class=\"entry-content\">\n<p>5.March 2017<span id=\"more-11097\"><\/span><\/p>\n<p>Napustio nas je Ante, nakon kratke bolesti. Jebemtisve.<\/p>\n<p>\u010citali smo njegove knjige, slu\u0161ali smo njegove pjesme, putovali s njim i smijali se. Bio je \u010dlan DORF \u017eirija u Rijeci, vodio je edukativnu novinarsku radionicu u Vinkovcima, sa velikim ponosom je u Knji\u017enici razgovarao sa Zdenkom Franji\u0107em kad je Zdenko dobio DORF nagradu za \u017eivotno djelo. Putovali smo sa Velimirom u Beograd (i kojekuda), pri\u010dali o Sedmoj republici i Hrvatskom genu. Imali smo u Balama DORF pred 3 ljudi, proveli se super, poslije sa Bradom u Puli dugo pri\u010dali. Slu\u0161ali smo demo bandove koji vra\u0107aju nadu. Slu\u0161ali smo Tre\u0107i program Hrvatskog radija, sa ljubavlju vjerovali u Radio. \u010citali smo Had\u017eine tekstove i komentirali ih. Gledali smo Antu u ZKM kako razbija Paket aran\u017eman, pred Sini\u0161om \u0160karicom. Bio je sa obitelji na\u0161 gost na Cresu, kupali smo se i pri\u010dali o glazbi. Uvijek smo najvi\u0161e pri\u010dali o glazbi.<\/p>\n<p>Stra\u0161no \u0107e\u0161 nam nedostajati.<\/p>\n<p>Jebemtisve.<\/p>\n<\/div>\n<\/div>\n","protected":false},"excerpt":{"rendered":"<p>5.March 2017 Napustio nas je Ante, nakon kratke bolesti. Jebemtisve. \u010citali smo njegove knjige, slu\u0161ali smo njegove pjesme, putovali s njim i smijali se. Bio je \u010dlan DORF \u017eirija u Rijeci, vodio je edukativnu novinarsku radionicu u Vinkovcima, sa velikim ponosom je u Knji\u017enici razgovarao sa Zdenkom Franji\u0107em kad je Zdenko dobio DORF nagradu za [&#8230;]\n","protected":false},"author":1,"featured_media":0,"comment_status":"closed","ping_status":"closed","sticky":false,"template":"","format":"standard","meta":{"_monsterinsights_skip_tracking":false,"_monsterinsights_sitenote_active":false,"_monsterinsights_sitenote_note":"","_monsterinsights_sitenote_category":0,"_links_to":"","_links_to_target":""},"categories":[1],"tags":[],"aioseo_notices":[],"_links":{"self":[{"href":"https:\/\/filmfestivaldorf.com\/hr\/wp-json\/wp\/v2\/posts\/960"}],"collection":[{"href":"https:\/\/filmfestivaldorf.com\/hr\/wp-json\/wp\/v2\/posts"}],"about":[{"href":"https:\/\/filmfestivaldorf.com\/hr\/wp-json\/wp\/v2\/types\/post"}],"author":[{"embeddable":true,"href":"https:\/\/filmfestivaldorf.com\/hr\/wp-json\/wp\/v2\/users\/1"}],"replies":[{"embeddable":true,"href":"https:\/\/filmfestivaldorf.com\/hr\/wp-json\/wp\/v2\/comments?post=960"}],"version-history":[{"count":1,"href":"https:\/\/filmfestivaldorf.com\/hr\/wp-json\/wp\/v2\/posts\/960\/revisions"}],"predecessor-version":[{"id":961,"href":"https:\/\/filmfestivaldorf.com\/hr\/wp-json\/wp\/v2\/posts\/960\/revisions\/961"}],"wp:attachment":[{"href":"https:\/\/filmfestivaldorf.com\/hr\/wp-json\/wp\/v2\/media?parent=960"}],"wp:term":[{"taxonomy":"category","embeddable":true,"href":"https:\/\/filmfestivaldorf.com\/hr\/wp-json\/wp\/v2\/categories?post=960"},{"taxonomy":"post_tag","embeddable":true,"href":"https:\/\/filmfestivaldorf.com\/hr\/wp-json\/wp\/v2\/tags?post=960"}],"curies":[{"name":"wp","href":"https:\/\/api.w.org\/{rel}","templated":true}]}}