{"id":962,"date":"2017-03-23T17:04:47","date_gmt":"2017-03-23T17:04:47","guid":{"rendered":"https:\/\/filmfestivaldorf.com\/hr\/?p=962"},"modified":"2020-05-23T17:05:14","modified_gmt":"2020-05-23T17:05:14","slug":"maske-premijerno-2-3-na-klasiktv","status":"publish","type":"post","link":"https:\/\/filmfestivaldorf.com\/hr\/2017\/03\/23\/maske-premijerno-2-3-na-klasiktv\/","title":{"rendered":"MASKE PREMIJERNO 2.3. NA KLASIKTV"},"content":{"rendered":"<figure class=\"featured-media\">\n<div class=\"featured-media-inner section-inner\"><img loading=\"lazy\" class=\"attachment-post-thumbnail size-post-thumbnail wp-post-image\" src=\"https:\/\/filmfestivaldorf.com\/hrv\/wp-content\/uploads\/2017\/02\/Maske_katalog-web.jpg\" sizes=\"(max-width: 710px) 100vw, 710px\" srcset=\"https:\/\/filmfestivaldorf.com\/hrv\/wp-content\/uploads\/2017\/02\/Maske_katalog-web.jpg 710w, https:\/\/filmfestivaldorf.com\/hrv\/wp-content\/uploads\/2017\/02\/Maske_katalog-web-300x203.jpg 300w\" alt=\"\" width=\"710\" height=\"480\" \/><\/div>\n<\/figure>\n<div class=\"post-inner thin \">\n<div class=\"entry-content\">\n<p>February 27.<\/p>\n<p><strong>Maske (2015.), dokumentarni<\/strong><\/p>\n<p><strong>\u010detvrtak, 2.3. u 22h<\/strong><\/p>\n<p>Film predstavlja umjetni\u010dke maske Slobodana Ti\u0161me \u2013 pjesnika, konceptualista, nevidljivog umjetnika, rock glazbenika, performera i pisca, koji vi\u0161e od \u010detiri desetlje\u0107a predstavlja autenti\u010dnu i jedinstvenu pojavu na umjetni\u010dkoj sceni. Kao ni njegovi literarni zapisi, ni ovaj filmski, nije zaokru\u017een i cjelovit. Namjerni i slu\u010dajni susreti s prijateljima i prolaznicima u obilasku osobnih mitskih mjesta Novog Sada, va\u017enih to\u010daka intimnog stvarala\u010dkog univerzuma, prepli\u0107u se sa arhivskim prizorima njegove umjetni\u010dke prakse, a sjedinjuju ih rasko\u0161ni muzi\u010dki pasa\u017ei pjesama kultnih jugoslavenskih novotalasnih sastava Luna i La Strada.<\/p>\n<p>Brankica Dra\u0161kovi\u0107 je za\u00a0<em>Maske<\/em>\u00a02013. godine dobila Klasik TV i DORF nagradu za razvoj scenarija glazbenog filma. Redateljici je ovo tre\u0107i dokumentarni film koji se bavi novosadskom glazbenom scenom 80-ih i 90-ih, nakon filmova\u00a0<em>Boye: Prvi pravi \u017eenski zvuk<\/em>\u00a0i\u00a0<em>Kad se neko ne\u010dem dobrom nada<\/em>\u00a0o Obojenom programu, dok se tre\u0107i film Maske bavi klju\u010dnom osobom novosadske underground scene 80-ih, kultnim piscem i glazbenikom Slobodanom Ti\u0161mom, razotkrivaju\u0107i neka od njegovih vi\u0161estrukih umjetni\u010dkih lica. Film Ti\u0161mu smje\u0161ta u kontekst Novog Sada, kao grada sa \u017eivom i razvijenom kulturnom i umjetni\u010dkom scenom o kojoj dana\u0161nje generacije vrlo malo znaju.<\/p>\n<p>Redatelj: Brankica Dra\u0161kovi\u0107<\/p>\n<\/div>\n<\/div>\n","protected":false},"excerpt":{"rendered":"<p>February 27. Maske (2015.), dokumentarni \u010detvrtak, 2.3. u 22h Film predstavlja umjetni\u010dke maske Slobodana Ti\u0161me \u2013 pjesnika, konceptualista, nevidljivog umjetnika, rock glazbenika, performera i pisca, koji vi\u0161e od \u010detiri desetlje\u0107a predstavlja autenti\u010dnu i jedinstvenu pojavu na umjetni\u010dkoj sceni. Kao ni njegovi literarni zapisi, ni ovaj filmski, nije zaokru\u017een i cjelovit. Namjerni i slu\u010dajni susreti s [&#8230;]\n","protected":false},"author":1,"featured_media":0,"comment_status":"closed","ping_status":"closed","sticky":false,"template":"","format":"standard","meta":{"_monsterinsights_skip_tracking":false,"_monsterinsights_sitenote_active":false,"_monsterinsights_sitenote_note":"","_monsterinsights_sitenote_category":0,"_links_to":"","_links_to_target":""},"categories":[1],"tags":[],"aioseo_notices":[],"_links":{"self":[{"href":"https:\/\/filmfestivaldorf.com\/hr\/wp-json\/wp\/v2\/posts\/962"}],"collection":[{"href":"https:\/\/filmfestivaldorf.com\/hr\/wp-json\/wp\/v2\/posts"}],"about":[{"href":"https:\/\/filmfestivaldorf.com\/hr\/wp-json\/wp\/v2\/types\/post"}],"author":[{"embeddable":true,"href":"https:\/\/filmfestivaldorf.com\/hr\/wp-json\/wp\/v2\/users\/1"}],"replies":[{"embeddable":true,"href":"https:\/\/filmfestivaldorf.com\/hr\/wp-json\/wp\/v2\/comments?post=962"}],"version-history":[{"count":1,"href":"https:\/\/filmfestivaldorf.com\/hr\/wp-json\/wp\/v2\/posts\/962\/revisions"}],"predecessor-version":[{"id":963,"href":"https:\/\/filmfestivaldorf.com\/hr\/wp-json\/wp\/v2\/posts\/962\/revisions\/963"}],"wp:attachment":[{"href":"https:\/\/filmfestivaldorf.com\/hr\/wp-json\/wp\/v2\/media?parent=962"}],"wp:term":[{"taxonomy":"category","embeddable":true,"href":"https:\/\/filmfestivaldorf.com\/hr\/wp-json\/wp\/v2\/categories?post=962"},{"taxonomy":"post_tag","embeddable":true,"href":"https:\/\/filmfestivaldorf.com\/hr\/wp-json\/wp\/v2\/tags?post=962"}],"curies":[{"name":"wp","href":"https:\/\/api.w.org\/{rel}","templated":true}]}}