{"id":966,"date":"2016-10-26T17:06:41","date_gmt":"2016-10-26T17:06:41","guid":{"rendered":"https:\/\/filmfestivaldorf.com\/hr\/?p=966"},"modified":"2020-05-23T17:07:18","modified_gmt":"2020-05-23T17:07:18","slug":"edit-comics-izlozba-u-vinkovcima","status":"publish","type":"post","link":"https:\/\/filmfestivaldorf.com\/hr\/2016\/10\/26\/edit-comics-izlozba-u-vinkovcima\/","title":{"rendered":"EDIT COMICS IZLO\u017dBA U VINKOVCIMA"},"content":{"rendered":"<figure class=\"featured-media\">\n<div class=\"featured-media-inner section-inner\"><img loading=\"lazy\" class=\"attachment-post-thumbnail size-post-thumbnail wp-post-image\" src=\"https:\/\/filmfestivaldorf.com\/hrv\/wp-content\/uploads\/2016\/10\/Z-retrosp-Copy.jpg\" sizes=\"(max-width: 710px) 100vw, 710px\" srcset=\"https:\/\/filmfestivaldorf.com\/hrv\/wp-content\/uploads\/2016\/10\/Z-retrosp-Copy.jpg 710w, https:\/\/filmfestivaldorf.com\/hrv\/wp-content\/uploads\/2016\/10\/Z-retrosp-Copy-300x203.jpg 300w\" alt=\"\" width=\"710\" height=\"480\" \/><\/div>\n<\/figure>\n<div class=\"post-inner thin \">\n<div class=\"entry-content\">\n<p>26.October 2016<\/p>\n<p>U okviru EDIT-Comics aktivnosti, na kraju 2016. godine u Vinkovcima organiziramo veliku retrospektivnu izlo\u017ebu stripova, ilustracija i filmova Kre\u0161imira Zimoni\u0107a. UO Anima je ve\u0107 drugu godinu \u010dlanica na\u0161e platforme, a Zimoni\u0107 je od ove godine i umjetni\u010dki savjetnik platforme.<\/p>\n<p>U Galeriji Slavka Kopa\u010da u Vinkovcima organiziramo njegovu prvu samostalnu izlo\u017ebu u Vinkovcima, otvorenje je 10.11. u 18 sati.<\/p>\n<p>Pozivamo sve u\u010denike te ljubitelje filmova i stripova na kulturni doga\u0111aj koji \u0107e obilje\u017eiti ovu godinu.<\/p>\n<p>Za sve dodatne informacije obratite se na info@filmfestivaldorf.com<\/p>\n<p>Pratite vijesti i na\u00a0<a href=\"https:\/\/web.facebook.com\/EDITComics\/\">Facebooku<\/a><\/p>\n<p>Organizator je Udruga ljubitelja filma RARE.<\/p>\n<p>Aktivnosti platforme EDIT Comics realizirane su uz potporu Zaklade Kultura nova.<\/p>\n<p><strong>BIOGRAFIJA\u00a0<\/strong><\/p>\n<p><strong><u>Kre\u0161imir Zimoni\u0107<\/u><\/strong>\u00a0ro\u0111en je 1956. u \u0110ur\u0111enovcu a osnovnu \u0161kolu zavr\u0161io je u Vinkovcima. Ilustracije i stripove objavljuje kontinuirano od sredine sedamdesetih godina u vi\u0161e od 50 listova i \u010dasopisa. Od 1979. profesionalno radi na animiranom filmu a od 1981. u statusu je samostalnog umjetnika. Autor je ili producent brojnih animiranih filmova.\u00a0Uz sedam do sada objavljenih vlastitih zbirki stripova ilustrirao je dvadesetak knjiga, autor je brojnih plakata, kataloga i tekstova o stripu i animaciji, izlagao je na skupnim i samostalnim izlo\u017ebama, bio je glavni urednik strip magazina Patak i dugogodi\u0161nji umjetni\u010dki direktor Salona stripa u Vinkovcima.<\/p>\n<p>Radio je kao umjetni\u010dki producent Zagreb filma, grafi\u010dko likovni urednik Modre laste, kao predava\u010d na odjelu za animaciju i nove medije pri Akademiji likovne umjetnosti, a od 2007.do 2011. bio je umjetni\u010dki direktor Svjetskog festivala animiranog filma u Zagrebu.\u00a0Za svoj rad primio je vi\u0161e nagrada u zemlji i inozemstvu, izme\u0111u ostalog Nagradu Vladimir Nazor te Odlikovanje Redom Danice Hrvatske s likom Marka Maruli\u0107a za osobite zasluge u kulturi.<\/p>\n<p>Tijekom dugogodi\u0161nje plodne simbioze s listom za mlade \u201cModra lasta\u201d nastala je Zlatka, lik iznimne popularnosti koji se danas smatra jednim od antologijskih likova hrvatskog stripa.<\/p>\n<p><a href=\"http:\/\/www.zimamedia.blogspot.com\/\">www.zimamedia.blogspot.com<\/a><\/p>\n<\/div>\n<\/div>\n","protected":false},"excerpt":{"rendered":"<p>26.October 2016 U okviru EDIT-Comics aktivnosti, na kraju 2016. godine u Vinkovcima organiziramo veliku retrospektivnu izlo\u017ebu stripova, ilustracija i filmova Kre\u0161imira Zimoni\u0107a. UO Anima je ve\u0107 drugu godinu \u010dlanica na\u0161e platforme, a Zimoni\u0107 je od ove godine i umjetni\u010dki savjetnik platforme. U Galeriji Slavka Kopa\u010da u Vinkovcima organiziramo njegovu prvu samostalnu izlo\u017ebu u Vinkovcima, otvorenje [&#8230;]\n","protected":false},"author":1,"featured_media":0,"comment_status":"closed","ping_status":"closed","sticky":false,"template":"","format":"standard","meta":{"_monsterinsights_skip_tracking":false,"_monsterinsights_sitenote_active":false,"_monsterinsights_sitenote_note":"","_monsterinsights_sitenote_category":0,"_links_to":"","_links_to_target":""},"categories":[1],"tags":[],"aioseo_notices":[],"_links":{"self":[{"href":"https:\/\/filmfestivaldorf.com\/hr\/wp-json\/wp\/v2\/posts\/966"}],"collection":[{"href":"https:\/\/filmfestivaldorf.com\/hr\/wp-json\/wp\/v2\/posts"}],"about":[{"href":"https:\/\/filmfestivaldorf.com\/hr\/wp-json\/wp\/v2\/types\/post"}],"author":[{"embeddable":true,"href":"https:\/\/filmfestivaldorf.com\/hr\/wp-json\/wp\/v2\/users\/1"}],"replies":[{"embeddable":true,"href":"https:\/\/filmfestivaldorf.com\/hr\/wp-json\/wp\/v2\/comments?post=966"}],"version-history":[{"count":1,"href":"https:\/\/filmfestivaldorf.com\/hr\/wp-json\/wp\/v2\/posts\/966\/revisions"}],"predecessor-version":[{"id":967,"href":"https:\/\/filmfestivaldorf.com\/hr\/wp-json\/wp\/v2\/posts\/966\/revisions\/967"}],"wp:attachment":[{"href":"https:\/\/filmfestivaldorf.com\/hr\/wp-json\/wp\/v2\/media?parent=966"}],"wp:term":[{"taxonomy":"category","embeddable":true,"href":"https:\/\/filmfestivaldorf.com\/hr\/wp-json\/wp\/v2\/categories?post=966"},{"taxonomy":"post_tag","embeddable":true,"href":"https:\/\/filmfestivaldorf.com\/hr\/wp-json\/wp\/v2\/tags?post=966"}],"curies":[{"name":"wp","href":"https:\/\/api.w.org\/{rel}","templated":true}]}}