{"id":970,"date":"2016-08-27T17:08:49","date_gmt":"2016-08-27T17:08:49","guid":{"rendered":"https:\/\/filmfestivaldorf.com\/hr\/?p=970"},"modified":"2020-05-23T17:09:28","modified_gmt":"2020-05-23T17:09:28","slug":"zavrsen-je-10-dorf-festival","status":"publish","type":"post","link":"https:\/\/filmfestivaldorf.com\/hr\/2016\/08\/27\/zavrsen-je-10-dorf-festival\/","title":{"rendered":"ZAVR\u0160EN JE 10.DORF FESTIVAL"},"content":{"rendered":"<figure class=\"featured-media\">\n<div class=\"featured-media-inner section-inner\"><img loading=\"lazy\" class=\"attachment-post-thumbnail size-post-thumbnail wp-post-image\" src=\"https:\/\/filmfestivaldorf.com\/hrv\/wp-content\/uploads\/2016\/08\/Poster-DORF-mali-1-1-1-1-Copy.jpg\" sizes=\"(max-width: 710px) 100vw, 710px\" srcset=\"https:\/\/filmfestivaldorf.com\/hrv\/wp-content\/uploads\/2016\/08\/Poster-DORF-mali-1-1-1-1-Copy.jpg 710w, https:\/\/filmfestivaldorf.com\/hrv\/wp-content\/uploads\/2016\/08\/Poster-DORF-mali-1-1-1-1-Copy-300x203.jpg 300w\" alt=\"\" width=\"710\" height=\"480\" \/><\/div>\n<\/figure>\n<div class=\"post-inner thin \">\n<div class=\"entry-content\">\n<p>27.August<\/p>\n<p>Nakon Cresa, gostovanja u Puli i Primo\u0161tenu, te Ozlju, jubilarno 10.DORF izdanje zavr\u0161ilo je u Vinkovcima. Dvodnevni program zatvaranja odr\u017ean je u galeriji fotografija Meraja, uz projekcije filmova, koncert i podjelu nagrada. \u017diri u sastavu\u00a0<strong>Robert Bubalo, Hana Ju\u0161i\u0107 i Vedran \u0160uvak<\/strong>\u00a0dodijelio je nagradu autoru\u00a0<strong>Du\u0161anu Moravecu<\/strong>\u00a0iz Slovenije, za film \u201eNe padam na koljeno\u201c. Po rije\u010dima \u017eirija film \u201e\u201cNe grem na koleno\u201c nepretenciozno nas uvodi u svijet slovenske zabavne glazbe, koju mediji ne pokrivaju a publika obo\u017eava. Humoristi\u010dan i informativan, film obja\u0161njava fenomen ki\u010daste glazbene scene univerzalnim jezikom i pri tome ostaje dokumentaristi\u010dki nepristran. Osim toga, Moravec vje\u0161to iznosi \u010dinjenice i arhivira vi\u0161egodi\u0161nje postojanje\u00a0 paralelnog svemira, u kojem ima mjesta i za Wernera ili Simonu Weiss kao i za vatrogasne zabave. Unutar koordinata TV dokumentarnog filma dobili smo uvid u manje poznatu scenu susjedne dr\u017eave i jo\u0161 jednu potvrdu da ki\u010d ne poznaje granice.\u201c Nagrada je rad mladog kipara Vjekoslava Filipovi\u0107a, iz Osijeka.<\/p>\n[vsw id=\u201dnQMm7jNXg30\u2033 source=\u201dyoutube\u201d width=\u201d425\u2033 height=\u201d344\u2033 autoplay=\u201dno\u201d]\n<p>Tako\u0111er, ve\u0107 \u010detvrta\u00a0<strong>nagrada Klasik TV<\/strong>\u00a0u iznosu 10.000 kn za razvoj scenarija glazbenog dokumentarnog filma, prema odluci \u017eirija u sastavu Ines Pletikos, Marcella Jeli\u0107 i Filip Me\u0161trovi\u0107 dodijeljena je\u00a0<strong>Antoneli Maru\u0161i\u0107\u00a0<\/strong>za projekt \u201eMogu i sama!\u201c U obrazlo\u017eenju stoji \u201ePrijavljeni projekt kroz pra\u0107enje kreativnih napora protagonistica filma pru\u017ea nam ekskluzivni insajderski uvid u suvremenu urbanu alternativnu scenu. Intrigantna pri\u010da koja afirmira sna\u017ene i nezavisne \u017eenske subjekte, pri\u010da je o mladim glazbenicama, novim licima \u017eenske kantautorske scene u Hrvatskoj, koje svojom sposobno\u0161\u0107u, uporno\u0161\u0107u i talentom prkose normama diskografske industrije. Scenarij \u201eMogu i sama!\u201c nagovje\u0161tava zanimljiv i pou\u010dan feministi\u010dki film.<\/p>\n<p>Podsje\u0107amo da je ovogodi\u0161nja DORF nagrada za \u017eivotno djelo dodijeljena u Puli na Seasplash festivalu velikanu dokumentarnog glazbenog filma\u00a0<strong>Don Lettsu<\/strong>\u00a0iz Velike Britanije<\/p>\n<figure id=\"attachment_10986\" class=\"wp-caption alignnone\"><a href=\"https:\/\/filmfestivaldorf.com\/hrv\/wp-content\/uploads\/2016\/08\/dorf02.jpg\" rel=\"attachment wp-att-10986\"><img loading=\"lazy\" class=\"size-medium wp-image-10986\" src=\"https:\/\/filmfestivaldorf.com\/hrv\/wp-content\/uploads\/2016\/08\/dorf02-300x200.jpg\" sizes=\"(max-width: 300px) 100vw, 300px\" srcset=\"https:\/\/filmfestivaldorf.com\/hrv\/wp-content\/uploads\/2016\/08\/dorf02-300x200.jpg 300w, https:\/\/filmfestivaldorf.com\/hrv\/wp-content\/uploads\/2016\/08\/dorf02-768x512.jpg 768w, https:\/\/filmfestivaldorf.com\/hrv\/wp-content\/uploads\/2016\/08\/dorf02-1024x682.jpg 1024w, https:\/\/filmfestivaldorf.com\/hrv\/wp-content\/uploads\/2016\/08\/dorf02-720x480.jpg 720w\" alt=\"mozaik...vinkovci...27.08.2016. galerija fotografije meraja; nakon 4.antickih filmskih veceri nastavljeno filmsko druzenje u vinkovcima u petak i subotu od 20 sati; u petak odgledana 4 glazbena dokumentarna filma, a u subotu proglaseni pobjednici; dusan moravec i antonela marusic foto Gordan Pani\u0107\" width=\"300\" height=\"200\" \/><\/a><figcaption class=\"wp-caption-text\">foto Gordan Pani\u0107<\/figcaption><\/figure>\n<p><a href=\"https:\/\/filmfestivaldorf.com\/hrv\/wp-content\/uploads\/2016\/08\/web1-sporis-Copy.jpg\" rel=\"attachment wp-att-10987\"><img loading=\"lazy\" class=\"alignnone size-medium wp-image-10987\" src=\"https:\/\/filmfestivaldorf.com\/hrv\/wp-content\/uploads\/2016\/08\/web1-sporis-Copy-300x203.jpg\" sizes=\"(max-width: 300px) 100vw, 300px\" srcset=\"https:\/\/filmfestivaldorf.com\/hrv\/wp-content\/uploads\/2016\/08\/web1-sporis-Copy-300x203.jpg 300w, https:\/\/filmfestivaldorf.com\/hrv\/wp-content\/uploads\/2016\/08\/web1-sporis-Copy-768x519.jpg 768w, https:\/\/filmfestivaldorf.com\/hrv\/wp-content\/uploads\/2016\/08\/web1-sporis-Copy.jpg 1024w, https:\/\/filmfestivaldorf.com\/hrv\/wp-content\/uploads\/2016\/08\/web1-sporis-Copy-720x487.jpg 720w\" alt=\"web1-sporis - Copy\" width=\"300\" height=\"203\" \/><\/a><\/p>\n<\/div>\n<\/div>\n","protected":false},"excerpt":{"rendered":"<p>27.August Nakon Cresa, gostovanja u Puli i Primo\u0161tenu, te Ozlju, jubilarno 10.DORF izdanje zavr\u0161ilo je u Vinkovcima. Dvodnevni program zatvaranja odr\u017ean je u galeriji fotografija Meraja, uz projekcije filmova, koncert i podjelu nagrada. \u017diri u sastavu\u00a0Robert Bubalo, Hana Ju\u0161i\u0107 i Vedran \u0160uvak\u00a0dodijelio je nagradu autoru\u00a0Du\u0161anu Moravecu\u00a0iz Slovenije, za film \u201eNe padam na koljeno\u201c. Po rije\u010dima [&#8230;]\n","protected":false},"author":1,"featured_media":0,"comment_status":"closed","ping_status":"closed","sticky":false,"template":"","format":"standard","meta":{"_monsterinsights_skip_tracking":false,"_monsterinsights_sitenote_active":false,"_monsterinsights_sitenote_note":"","_monsterinsights_sitenote_category":0,"_links_to":"","_links_to_target":""},"categories":[1],"tags":[],"aioseo_notices":[],"_links":{"self":[{"href":"https:\/\/filmfestivaldorf.com\/hr\/wp-json\/wp\/v2\/posts\/970"}],"collection":[{"href":"https:\/\/filmfestivaldorf.com\/hr\/wp-json\/wp\/v2\/posts"}],"about":[{"href":"https:\/\/filmfestivaldorf.com\/hr\/wp-json\/wp\/v2\/types\/post"}],"author":[{"embeddable":true,"href":"https:\/\/filmfestivaldorf.com\/hr\/wp-json\/wp\/v2\/users\/1"}],"replies":[{"embeddable":true,"href":"https:\/\/filmfestivaldorf.com\/hr\/wp-json\/wp\/v2\/comments?post=970"}],"version-history":[{"count":1,"href":"https:\/\/filmfestivaldorf.com\/hr\/wp-json\/wp\/v2\/posts\/970\/revisions"}],"predecessor-version":[{"id":971,"href":"https:\/\/filmfestivaldorf.com\/hr\/wp-json\/wp\/v2\/posts\/970\/revisions\/971"}],"wp:attachment":[{"href":"https:\/\/filmfestivaldorf.com\/hr\/wp-json\/wp\/v2\/media?parent=970"}],"wp:term":[{"taxonomy":"category","embeddable":true,"href":"https:\/\/filmfestivaldorf.com\/hr\/wp-json\/wp\/v2\/categories?post=970"},{"taxonomy":"post_tag","embeddable":true,"href":"https:\/\/filmfestivaldorf.com\/hr\/wp-json\/wp\/v2\/tags?post=970"}],"curies":[{"name":"wp","href":"https:\/\/api.w.org\/{rel}","templated":true}]}}